{"id":1792,"date":"2018-08-09T07:19:41","date_gmt":"2018-08-09T07:19:41","guid":{"rendered":"http:\/\/www.mosaiking.com\/?p=1792"},"modified":"2018-08-09T07:19:41","modified_gmt":"2018-08-09T07:19:41","slug":"mosaiking-destiu-tocs-de-natura","status":"publish","type":"post","link":"https:\/\/mosaiking.com\/es\/mosaiking-destiu-tocs-de-natura\/","title":{"rendered":"Mosaiking d&#8217;estiu &#8211; Tocs de natura"},"content":{"rendered":"<p><strong>Segona setmana&#8230;<\/strong><\/p>\n<p>Avui va de natura. De panor\u00e0miques. Des de <a href=\"http:\/\/www.mosaiking.com\/?utm_source=Butllet%C3%AD+Mosaiking+Comunicaci%C3%B3&amp;utm_campaign=fe44fc41d0-EMAIL_CAMPAIGN_2018_08_09_07_01&amp;utm_medium=email&amp;utm_term=0_ff73ecaeb2-fe44fc41d0-\" target=\"_blank\" rel=\"noopener\">Mosaiking Comunicaci\u00f3<\/a> us volem oferir tocs de paratges (molt m\u00e9s que natura) perqu\u00e8 pugueu gaudir-los durant el mes d&#8217;agost. Tot fent un tomb per les quatre capitals del nostre petit pa\u00eds. Fugint de les rutes t\u00edpiques i els paratges de sempre.<\/p>\n<p><strong>Panor\u00e0mica a Girona<\/strong><br \/>\n<a href=\"https:\/\/www.sortirambnens.com\/excursions-amb-nens\/rutes-en-bicicleta-per-a-nens\/la-gola-del-ter\/?utm_source=Butllet%C3%AD+Mosaiking+Comunicaci%C3%B3&amp;utm_campaign=fe44fc41d0-EMAIL_CAMPAIGN_2018_08_09_07_01&amp;utm_medium=email&amp;utm_term=0_ff73ecaeb2-fe44fc41d0-\" target=\"_blank\" rel=\"noopener\">Excursi\u00f3 en bici i bany a la Gola de Ter.<\/a> Plan familiar. L&#8217;Estartit (Baix Empord\u00e0)<\/p>\n<p><strong>Panor\u00e0mica a Tarragona<\/strong><br \/>\n<a href=\"https:\/\/turismeulldecona.com\/conjunt-rupestre-abrics-ermita\/?utm_source=Butllet%C3%AD+Mosaiking+Comunicaci%C3%B3&amp;utm_campaign=fe44fc41d0-EMAIL_CAMPAIGN_2018_08_09_07_01&amp;utm_medium=email&amp;utm_term=0_ff73ecaeb2-fe44fc41d0-\" target=\"_blank\" rel=\"noopener\">Visita Guiada coves rupestres Ulledcona<\/a><a href=\"https:\/\/turismeulldecona.com\/conjunt-rupestre-abrics-ermita\/?utm_source=Butllet%C3%AD+Mosaiking+Comunicaci%C3%B3&amp;utm_campaign=fe44fc41d0-EMAIL_CAMPAIGN_2018_08_09_07_01&amp;utm_medium=email&amp;utm_term=0_ff73ecaeb2-fe44fc41d0-\">.<\/a> Patrimoni de la humanitat. Ulldecona (Montsi\u00e0)<\/p>\n<p><strong>Panor\u00e0mica a Lleida<\/strong><br \/>\n<a href=\"https:\/\/www.rutadelvidelleida.cat\/?utm_source=Butllet%C3%AD+Mosaiking+Comunicaci%C3%B3&amp;utm_campaign=fe44fc41d0-EMAIL_CAMPAIGN_2018_08_09_07_01&amp;utm_medium=email&amp;utm_term=0_ff73ecaeb2-fe44fc41d0-\" target=\"_blank\" rel=\"noopener\">Enoturisme a Lleida.<\/a> Un viatge pels sentits. Lleida (Segri\u00e0)<\/p>\n<p><strong>Panor\u00e0mica a Barcelona<\/strong><br \/>\n<a href=\"http:\/\/www.rupitviu.com\/?utm_source=Butllet%C3%AD+Mosaiking+Comunicaci%C3%B3&amp;utm_campaign=fe44fc41d0-EMAIL_CAMPAIGN_2018_08_09_07_01&amp;utm_medium=email&amp;utm_term=0_ff73ecaeb2-fe44fc41d0-\" target=\"_blank\" rel=\"noopener\">Passeig per <\/a><a href=\"http:\/\/www.rupitviu.com\/?utm_source=Butllet%C3%AD+Mosaiking+Comunicaci%C3%B3&amp;utm_campaign=fe44fc41d0-EMAIL_CAMPAIGN_2018_08_09_07_01&amp;utm_medium=email&amp;utm_term=0_ff73ecaeb2-fe44fc41d0-\">Rupit i Collsacabra<\/a> Un dels paratges naturals de refer\u00e8ncia a Europa. Rupit (Osona)<\/p>\n<p>Recordar-vos tamb\u00e9 que si voleu tenir bon ritme durant les vacances, podeu seguir-nos a <a href=\"https:\/\/open.spotify.com\/user\/o0dn93jszsdw87yft7jz57dl6\/playlist\/7qVeqN8DXhMB2VS3QSkRW1?utm_source=Butllet%C3%AD+Mosaiking+Comunicaci%C3%B3&amp;utm_campaign=fe44fc41d0-EMAIL_CAMPAIGN_2018_08_09_07_01&amp;utm_medium=email&amp;utm_term=0_ff73ecaeb2-fe44fc41d0-\" target=\"_blank\" rel=\"noopener\">Spotify<\/a> i escoltar les nostres llistes. Ja sabeu que ens encanta la m\u00fasica. Posar m\u00fasica a les idees i treure a ballar la creativitat.<\/p>\n<p><strong>I la setmana vinent, tocs gastron\u00f2mics.<\/strong> Si teniu algun suggeriment i ens el voleu enviar, gustosament el compartirem.<\/p>\n<p>Som-hi! Sigueu bons i feli\u00e7os!<\/p>\n","protected":false},"excerpt":{"rendered":"<p>Segona setmana&#8230; Avui va de natura. De panor\u00e0miques. Des de Mosaiking Comunicaci\u00f3 us volem oferir tocs de paratges (molt m\u00e9s que natura) perqu\u00e8 pugueu gaudir-los durant el mes d&#8217;agost. Tot fent un tomb per les quatre capitals del nostre petit pa\u00eds. Fugint de les rutes t\u00edpiques i els paratges de sempre. Panor\u00e0mica a Girona Excursi\u00f3 [&hellip;]<\/p>\n","protected":false},"author":1,"featured_media":1793,"comment_status":"closed","ping_status":"open","sticky":false,"template":"","format":"standard","meta":{"ocean_post_layout":"","ocean_both_sidebars_style":"","ocean_both_sidebars_content_width":0,"ocean_both_sidebars_sidebars_width":0,"ocean_sidebar":"","ocean_second_sidebar":"","ocean_disable_margins":"enable","ocean_add_body_class":"","ocean_shortcode_before_top_bar":"","ocean_shortcode_after_top_bar":"","ocean_shortcode_before_header":"","ocean_shortcode_after_header":"","ocean_has_shortcode":"","ocean_shortcode_after_title":"","ocean_shortcode_before_footer_widgets":"","ocean_shortcode_after_footer_widgets":"","ocean_shortcode_before_footer_bottom":"","ocean_shortcode_after_footer_bottom":"","ocean_display_top_bar":"default","ocean_display_header":"default","ocean_header_style":"","ocean_center_header_left_menu":"","ocean_custom_header_template":"","ocean_custom_logo":0,"ocean_custom_retina_logo":0,"ocean_custom_logo_max_width":0,"ocean_custom_logo_tablet_max_width":0,"ocean_custom_logo_mobile_max_width":0,"ocean_custom_logo_max_height":0,"ocean_custom_logo_tablet_max_height":0,"ocean_custom_logo_mobile_max_height":0,"ocean_header_custom_menu":"","ocean_menu_typo_font_family":"","ocean_menu_typo_font_subset":"","ocean_menu_typo_font_size":0,"ocean_menu_typo_font_size_tablet":0,"ocean_menu_typo_font_size_mobile":0,"ocean_menu_typo_font_size_unit":"px","ocean_menu_typo_font_weight":"","ocean_menu_typo_font_weight_tablet":"","ocean_menu_typo_font_weight_mobile":"","ocean_menu_typo_transform":"","ocean_menu_typo_transform_tablet":"","ocean_menu_typo_transform_mobile":"","ocean_menu_typo_line_height":0,"ocean_menu_typo_line_height_tablet":0,"ocean_menu_typo_line_height_mobile":0,"ocean_menu_typo_line_height_unit":"","ocean_menu_typo_spacing":0,"ocean_menu_typo_spacing_tablet":0,"ocean_menu_typo_spacing_mobile":0,"ocean_menu_typo_spacing_unit":"","ocean_menu_link_color":"","ocean_menu_link_color_hover":"","ocean_menu_link_color_active":"","ocean_menu_link_background":"","ocean_menu_link_hover_background":"","ocean_menu_link_active_background":"","ocean_menu_social_links_bg":"","ocean_menu_social_hover_links_bg":"","ocean_menu_social_links_color":"","ocean_menu_social_hover_links_color":"","ocean_disable_title":"default","ocean_disable_heading":"default","ocean_post_title":"","ocean_post_subheading":"","ocean_post_title_style":"","ocean_post_title_background_color":"","ocean_post_title_background":0,"ocean_post_title_bg_image_position":"","ocean_post_title_bg_image_attachment":"","ocean_post_title_bg_image_repeat":"","ocean_post_title_bg_image_size":"","ocean_post_title_height":0,"ocean_post_title_bg_overlay":0.5,"ocean_post_title_bg_overlay_color":"","ocean_disable_breadcrumbs":"default","ocean_breadcrumbs_color":"","ocean_breadcrumbs_separator_color":"","ocean_breadcrumbs_links_color":"","ocean_breadcrumbs_links_hover_color":"","ocean_display_footer_widgets":"default","ocean_display_footer_bottom":"default","ocean_custom_footer_template":"","_joinchat":[],"ocean_post_oembed":"","ocean_post_self_hosted_media":"","ocean_post_video_embed":"","ocean_link_format":"","ocean_link_format_target":"self","ocean_quote_format":"","ocean_quote_format_link":"post","ocean_gallery_link_images":"on","ocean_gallery_id":[],"footnotes":""},"categories":[15],"tags":[17,42,41,39,40,21],"class_list":["post-1792","post","type-post","status-publish","format-standard","has-post-thumbnail","hentry","category-mitjans-de-comunicacio","tag-comunicacio","tag-estiu","tag-marques","tag-marta-royo-espinet","tag-mosaiking","tag-publicitat","entry","has-media"],"yoast_head":"<!-- This site is optimized with the Yoast SEO plugin v27.5 - https:\/\/yoast.com\/product\/yoast-seo-wordpress\/ -->\n<title>Mosaiking d&#039;estiu - Tocs de natura Tocs d&#039;estiu. Mosaiking Comunicaci\u00f3.<\/title>\n<meta name=\"description\" content=\"Segona setmana... Avui va de natura. De panor\u00e0miques. Des de Mosaiking Comunicaci\u00f3 us volem oferir tocs de paratges (molt m\u00e9s que natura) perqu\u00e8 pugueu Des de Mosaiking Comunicaci\u00f3 t&#039;oferim tocs per tenir un estiu de primera. Publicitat amb aroma d&#039;estiu\" \/>\n<meta name=\"robots\" content=\"index, follow, max-snippet:-1, max-image-preview:large, max-video-preview:-1\" \/>\n<link rel=\"canonical\" href=\"https:\/\/mosaiking.com\/es\/mosaiking-destiu-tocs-de-natura\/\" \/>\n<meta property=\"og:locale\" content=\"es_ES\" \/>\n<meta property=\"og:type\" content=\"article\" \/>\n<meta property=\"og:title\" content=\"Mosaiking d&#039;estiu - Tocs de natura Tocs d&#039;estiu. Mosaiking Comunicaci\u00f3.\" \/>\n<meta property=\"og:description\" content=\"Segona setmana... Avui va de natura. De panor\u00e0miques. Des de Mosaiking Comunicaci\u00f3 us volem oferir tocs de paratges (molt m\u00e9s que natura) perqu\u00e8 pugueu Des de Mosaiking Comunicaci\u00f3 t&#039;oferim tocs per tenir un estiu de primera. Publicitat amb aroma d&#039;estiu\" \/>\n<meta property=\"og:url\" content=\"https:\/\/mosaiking.com\/es\/mosaiking-destiu-tocs-de-natura\/\" \/>\n<meta property=\"og:site_name\" content=\"Mosaiking\" \/>\n<meta property=\"article:published_time\" content=\"2018-08-09T07:19:41+00:00\" \/>\n<meta property=\"og:image\" content=\"https:\/\/mosaiking.com\/wp-content\/uploads\/2018\/08\/cfa2ad92-85e4-46dc-a551-5b2176930358.jpg\" \/>\n\t<meta property=\"og:image:width\" content=\"2048\" \/>\n\t<meta property=\"og:image:height\" content=\"1448\" \/>\n\t<meta property=\"og:image:type\" content=\"image\/jpeg\" \/>\n<meta name=\"author\" content=\"Mosaiking\" \/>\n<meta name=\"twitter:card\" content=\"summary_large_image\" \/>\n<meta name=\"twitter:label1\" content=\"Escrito por\" \/>\n\t<meta name=\"twitter:data1\" content=\"Mosaiking\" \/>\n\t<meta name=\"twitter:label2\" content=\"Tiempo de lectura\" \/>\n\t<meta name=\"twitter:data2\" content=\"1 minuto\" \/>\n<script type=\"application\/ld+json\" class=\"yoast-schema-graph\">{\"@context\":\"https:\\\/\\\/schema.org\",\"@graph\":[{\"@type\":\"Article\",\"@id\":\"https:\\\/\\\/mosaiking.com\\\/es\\\/mosaiking-destiu-tocs-de-natura\\\/#article\",\"isPartOf\":{\"@id\":\"https:\\\/\\\/mosaiking.com\\\/es\\\/mosaiking-destiu-tocs-de-natura\\\/\"},\"author\":{\"name\":\"Mosaiking\",\"@id\":\"https:\\\/\\\/mosaiking.com\\\/es\\\/#\\\/schema\\\/person\\\/82ca1cf5e82902eee8857e4ad13902f1\"},\"headline\":\"Mosaiking d&#8217;estiu &#8211; Tocs de natura\",\"datePublished\":\"2018-08-09T07:19:41+00:00\",\"mainEntityOfPage\":{\"@id\":\"https:\\\/\\\/mosaiking.com\\\/es\\\/mosaiking-destiu-tocs-de-natura\\\/\"},\"wordCount\":196,\"image\":{\"@id\":\"https:\\\/\\\/mosaiking.com\\\/es\\\/mosaiking-destiu-tocs-de-natura\\\/#primaryimage\"},\"thumbnailUrl\":\"https:\\\/\\\/mosaiking.com\\\/wp-content\\\/uploads\\\/2018\\\/08\\\/cfa2ad92-85e4-46dc-a551-5b2176930358.jpg\",\"keywords\":[\"comunicaci\u00f3\",\"estiu\",\"marques\",\"marta royo espinet\",\"mosaiking\",\"publicitat\"],\"articleSection\":[\"Mitjans de Comunicaci\u00f3\"],\"inLanguage\":\"es\"},{\"@type\":\"WebPage\",\"@id\":\"https:\\\/\\\/mosaiking.com\\\/es\\\/mosaiking-destiu-tocs-de-natura\\\/\",\"url\":\"https:\\\/\\\/mosaiking.com\\\/es\\\/mosaiking-destiu-tocs-de-natura\\\/\",\"name\":\"Mosaiking d'estiu - Tocs de natura Tocs d'estiu. Mosaiking Comunicaci\u00f3.\",\"isPartOf\":{\"@id\":\"https:\\\/\\\/mosaiking.com\\\/es\\\/#website\"},\"primaryImageOfPage\":{\"@id\":\"https:\\\/\\\/mosaiking.com\\\/es\\\/mosaiking-destiu-tocs-de-natura\\\/#primaryimage\"},\"image\":{\"@id\":\"https:\\\/\\\/mosaiking.com\\\/es\\\/mosaiking-destiu-tocs-de-natura\\\/#primaryimage\"},\"thumbnailUrl\":\"https:\\\/\\\/mosaiking.com\\\/wp-content\\\/uploads\\\/2018\\\/08\\\/cfa2ad92-85e4-46dc-a551-5b2176930358.jpg\",\"datePublished\":\"2018-08-09T07:19:41+00:00\",\"author\":{\"@id\":\"https:\\\/\\\/mosaiking.com\\\/es\\\/#\\\/schema\\\/person\\\/82ca1cf5e82902eee8857e4ad13902f1\"},\"description\":\"Segona setmana... Avui va de natura. De panor\u00e0miques. Des de Mosaiking Comunicaci\u00f3 us volem oferir tocs de paratges (molt m\u00e9s que natura) perqu\u00e8 pugueu Des de Mosaiking Comunicaci\u00f3 t'oferim tocs per tenir un estiu de primera. Publicitat amb aroma d'estiu\",\"breadcrumb\":{\"@id\":\"https:\\\/\\\/mosaiking.com\\\/es\\\/mosaiking-destiu-tocs-de-natura\\\/#breadcrumb\"},\"inLanguage\":\"es\",\"potentialAction\":[{\"@type\":\"ReadAction\",\"target\":[\"https:\\\/\\\/mosaiking.com\\\/es\\\/mosaiking-destiu-tocs-de-natura\\\/\"]}]},{\"@type\":\"ImageObject\",\"inLanguage\":\"es\",\"@id\":\"https:\\\/\\\/mosaiking.com\\\/es\\\/mosaiking-destiu-tocs-de-natura\\\/#primaryimage\",\"url\":\"https:\\\/\\\/mosaiking.com\\\/wp-content\\\/uploads\\\/2018\\\/08\\\/cfa2ad92-85e4-46dc-a551-5b2176930358.jpg\",\"contentUrl\":\"https:\\\/\\\/mosaiking.com\\\/wp-content\\\/uploads\\\/2018\\\/08\\\/cfa2ad92-85e4-46dc-a551-5b2176930358.jpg\",\"width\":2048,\"height\":1448,\"caption\":\"Mosaiking Comunicaci\u00f3\"},{\"@type\":\"BreadcrumbList\",\"@id\":\"https:\\\/\\\/mosaiking.com\\\/es\\\/mosaiking-destiu-tocs-de-natura\\\/#breadcrumb\",\"itemListElement\":[{\"@type\":\"ListItem\",\"position\":1,\"name\":\"Portada\",\"item\":\"https:\\\/\\\/mosaiking.com\\\/es\\\/mosaiking-pasion-por-las-marcas\\\/\"},{\"@type\":\"ListItem\",\"position\":2,\"name\":\"Mosaiking d&#8217;estiu &#8211; Tocs de natura\"}]},{\"@type\":\"WebSite\",\"@id\":\"https:\\\/\\\/mosaiking.com\\\/es\\\/#website\",\"url\":\"https:\\\/\\\/mosaiking.com\\\/es\\\/\",\"name\":\"Mosaiking\",\"description\":\"Passi\u00f3 per la teva marca\",\"potentialAction\":[{\"@type\":\"SearchAction\",\"target\":{\"@type\":\"EntryPoint\",\"urlTemplate\":\"https:\\\/\\\/mosaiking.com\\\/es\\\/?s={search_term_string}\"},\"query-input\":{\"@type\":\"PropertyValueSpecification\",\"valueRequired\":true,\"valueName\":\"search_term_string\"}}],\"inLanguage\":\"es\"},{\"@type\":\"Person\",\"@id\":\"https:\\\/\\\/mosaiking.com\\\/es\\\/#\\\/schema\\\/person\\\/82ca1cf5e82902eee8857e4ad13902f1\",\"name\":\"Mosaiking\",\"image\":{\"@type\":\"ImageObject\",\"inLanguage\":\"es\",\"@id\":\"https:\\\/\\\/secure.gravatar.com\\\/avatar\\\/c7ea4bff8764dce161f8b55c91d0d751213c47808c77d9da68dae2b5e4fed52b?s=96&d=mm&r=g\",\"url\":\"https:\\\/\\\/secure.gravatar.com\\\/avatar\\\/c7ea4bff8764dce161f8b55c91d0d751213c47808c77d9da68dae2b5e4fed52b?s=96&d=mm&r=g\",\"contentUrl\":\"https:\\\/\\\/secure.gravatar.com\\\/avatar\\\/c7ea4bff8764dce161f8b55c91d0d751213c47808c77d9da68dae2b5e4fed52b?s=96&d=mm&r=g\",\"caption\":\"Mosaiking\"},\"sameAs\":[\"https:\\\/\\\/mosaiking.com\"]}]}<\/script>\n<!-- \/ Yoast SEO plugin. -->","yoast_head_json":{"title":"Mosaiking d'estiu - Tocs de natura Tocs d'estiu. Mosaiking Comunicaci\u00f3.","description":"Segona setmana... Avui va de natura. De panor\u00e0miques. Des de Mosaiking Comunicaci\u00f3 us volem oferir tocs de paratges (molt m\u00e9s que natura) perqu\u00e8 pugueu Des de Mosaiking Comunicaci\u00f3 t'oferim tocs per tenir un estiu de primera. Publicitat amb aroma d'estiu","robots":{"index":"index","follow":"follow","max-snippet":"max-snippet:-1","max-image-preview":"max-image-preview:large","max-video-preview":"max-video-preview:-1"},"canonical":"https:\/\/mosaiking.com\/es\/mosaiking-destiu-tocs-de-natura\/","og_locale":"es_ES","og_type":"article","og_title":"Mosaiking d'estiu - Tocs de natura Tocs d'estiu. Mosaiking Comunicaci\u00f3.","og_description":"Segona setmana... Avui va de natura. De panor\u00e0miques. Des de Mosaiking Comunicaci\u00f3 us volem oferir tocs de paratges (molt m\u00e9s que natura) perqu\u00e8 pugueu Des de Mosaiking Comunicaci\u00f3 t'oferim tocs per tenir un estiu de primera. Publicitat amb aroma d'estiu","og_url":"https:\/\/mosaiking.com\/es\/mosaiking-destiu-tocs-de-natura\/","og_site_name":"Mosaiking","article_published_time":"2018-08-09T07:19:41+00:00","og_image":[{"width":2048,"height":1448,"url":"https:\/\/mosaiking.com\/wp-content\/uploads\/2018\/08\/cfa2ad92-85e4-46dc-a551-5b2176930358.jpg","type":"image\/jpeg"}],"author":"Mosaiking","twitter_card":"summary_large_image","twitter_misc":{"Escrito por":"Mosaiking","Tiempo de lectura":"1 minuto"},"schema":{"@context":"https:\/\/schema.org","@graph":[{"@type":"Article","@id":"https:\/\/mosaiking.com\/es\/mosaiking-destiu-tocs-de-natura\/#article","isPartOf":{"@id":"https:\/\/mosaiking.com\/es\/mosaiking-destiu-tocs-de-natura\/"},"author":{"name":"Mosaiking","@id":"https:\/\/mosaiking.com\/es\/#\/schema\/person\/82ca1cf5e82902eee8857e4ad13902f1"},"headline":"Mosaiking d&#8217;estiu &#8211; Tocs de natura","datePublished":"2018-08-09T07:19:41+00:00","mainEntityOfPage":{"@id":"https:\/\/mosaiking.com\/es\/mosaiking-destiu-tocs-de-natura\/"},"wordCount":196,"image":{"@id":"https:\/\/mosaiking.com\/es\/mosaiking-destiu-tocs-de-natura\/#primaryimage"},"thumbnailUrl":"https:\/\/mosaiking.com\/wp-content\/uploads\/2018\/08\/cfa2ad92-85e4-46dc-a551-5b2176930358.jpg","keywords":["comunicaci\u00f3","estiu","marques","marta royo espinet","mosaiking","publicitat"],"articleSection":["Mitjans de Comunicaci\u00f3"],"inLanguage":"es"},{"@type":"WebPage","@id":"https:\/\/mosaiking.com\/es\/mosaiking-destiu-tocs-de-natura\/","url":"https:\/\/mosaiking.com\/es\/mosaiking-destiu-tocs-de-natura\/","name":"Mosaiking d'estiu - Tocs de natura Tocs d'estiu. Mosaiking Comunicaci\u00f3.","isPartOf":{"@id":"https:\/\/mosaiking.com\/es\/#website"},"primaryImageOfPage":{"@id":"https:\/\/mosaiking.com\/es\/mosaiking-destiu-tocs-de-natura\/#primaryimage"},"image":{"@id":"https:\/\/mosaiking.com\/es\/mosaiking-destiu-tocs-de-natura\/#primaryimage"},"thumbnailUrl":"https:\/\/mosaiking.com\/wp-content\/uploads\/2018\/08\/cfa2ad92-85e4-46dc-a551-5b2176930358.jpg","datePublished":"2018-08-09T07:19:41+00:00","author":{"@id":"https:\/\/mosaiking.com\/es\/#\/schema\/person\/82ca1cf5e82902eee8857e4ad13902f1"},"description":"Segona setmana... Avui va de natura. De panor\u00e0miques. Des de Mosaiking Comunicaci\u00f3 us volem oferir tocs de paratges (molt m\u00e9s que natura) perqu\u00e8 pugueu Des de Mosaiking Comunicaci\u00f3 t'oferim tocs per tenir un estiu de primera. Publicitat amb aroma d'estiu","breadcrumb":{"@id":"https:\/\/mosaiking.com\/es\/mosaiking-destiu-tocs-de-natura\/#breadcrumb"},"inLanguage":"es","potentialAction":[{"@type":"ReadAction","target":["https:\/\/mosaiking.com\/es\/mosaiking-destiu-tocs-de-natura\/"]}]},{"@type":"ImageObject","inLanguage":"es","@id":"https:\/\/mosaiking.com\/es\/mosaiking-destiu-tocs-de-natura\/#primaryimage","url":"https:\/\/mosaiking.com\/wp-content\/uploads\/2018\/08\/cfa2ad92-85e4-46dc-a551-5b2176930358.jpg","contentUrl":"https:\/\/mosaiking.com\/wp-content\/uploads\/2018\/08\/cfa2ad92-85e4-46dc-a551-5b2176930358.jpg","width":2048,"height":1448,"caption":"Mosaiking Comunicaci\u00f3"},{"@type":"BreadcrumbList","@id":"https:\/\/mosaiking.com\/es\/mosaiking-destiu-tocs-de-natura\/#breadcrumb","itemListElement":[{"@type":"ListItem","position":1,"name":"Portada","item":"https:\/\/mosaiking.com\/es\/mosaiking-pasion-por-las-marcas\/"},{"@type":"ListItem","position":2,"name":"Mosaiking d&#8217;estiu &#8211; Tocs de natura"}]},{"@type":"WebSite","@id":"https:\/\/mosaiking.com\/es\/#website","url":"https:\/\/mosaiking.com\/es\/","name":"Mosaiking","description":"Passi\u00f3 per la teva marca","potentialAction":[{"@type":"SearchAction","target":{"@type":"EntryPoint","urlTemplate":"https:\/\/mosaiking.com\/es\/?s={search_term_string}"},"query-input":{"@type":"PropertyValueSpecification","valueRequired":true,"valueName":"search_term_string"}}],"inLanguage":"es"},{"@type":"Person","@id":"https:\/\/mosaiking.com\/es\/#\/schema\/person\/82ca1cf5e82902eee8857e4ad13902f1","name":"Mosaiking","image":{"@type":"ImageObject","inLanguage":"es","@id":"https:\/\/secure.gravatar.com\/avatar\/c7ea4bff8764dce161f8b55c91d0d751213c47808c77d9da68dae2b5e4fed52b?s=96&d=mm&r=g","url":"https:\/\/secure.gravatar.com\/avatar\/c7ea4bff8764dce161f8b55c91d0d751213c47808c77d9da68dae2b5e4fed52b?s=96&d=mm&r=g","contentUrl":"https:\/\/secure.gravatar.com\/avatar\/c7ea4bff8764dce161f8b55c91d0d751213c47808c77d9da68dae2b5e4fed52b?s=96&d=mm&r=g","caption":"Mosaiking"},"sameAs":["https:\/\/mosaiking.com"]}]}},"_links":{"self":[{"href":"https:\/\/mosaiking.com\/es\/wp-json\/wp\/v2\/posts\/1792","targetHints":{"allow":["GET"]}}],"collection":[{"href":"https:\/\/mosaiking.com\/es\/wp-json\/wp\/v2\/posts"}],"about":[{"href":"https:\/\/mosaiking.com\/es\/wp-json\/wp\/v2\/types\/post"}],"author":[{"embeddable":true,"href":"https:\/\/mosaiking.com\/es\/wp-json\/wp\/v2\/users\/1"}],"replies":[{"embeddable":true,"href":"https:\/\/mosaiking.com\/es\/wp-json\/wp\/v2\/comments?post=1792"}],"version-history":[{"count":0,"href":"https:\/\/mosaiking.com\/es\/wp-json\/wp\/v2\/posts\/1792\/revisions"}],"wp:featuredmedia":[{"embeddable":true,"href":"https:\/\/mosaiking.com\/es\/wp-json\/wp\/v2\/media\/1793"}],"wp:attachment":[{"href":"https:\/\/mosaiking.com\/es\/wp-json\/wp\/v2\/media?parent=1792"}],"wp:term":[{"taxonomy":"category","embeddable":true,"href":"https:\/\/mosaiking.com\/es\/wp-json\/wp\/v2\/categories?post=1792"},{"taxonomy":"post_tag","embeddable":true,"href":"https:\/\/mosaiking.com\/es\/wp-json\/wp\/v2\/tags?post=1792"}],"curies":[{"name":"wp","href":"https:\/\/api.w.org\/{rel}","templated":true}]}}