{"id":1920,"date":"2018-11-05T09:47:54","date_gmt":"2018-11-05T09:47:54","guid":{"rendered":"http:\/\/www.mosaiking.com\/?p=1920"},"modified":"2018-11-05T09:47:54","modified_gmt":"2018-11-05T09:47:54","slug":"avui-arriba-una-nova-aroma","status":"publish","type":"post","link":"https:\/\/mosaiking.com\/es\/avui-arriba-una-nova-aroma\/","title":{"rendered":"Avui arriba una nova aroma a la teva llibreria"},"content":{"rendered":"<p><em>Hoy puede ser un gran d\u00eda.<\/em><\/p>\n<p><em>Plant\u00e9atelo as\u00ed.<\/em><\/p>\n<p><em>Aprovecharlo o que pase de largo<\/em><\/p>\n<p><em>depende en parte de ti<\/em><\/p>\n<p><strong><br \/>\n<\/strong><em>Avui \u00e9s un gran dia. Planteja-t\u2019ho aix\u00ed\u2026 <\/em><\/p>\n<p>M\u2019he perm\u00e8s canviar la lletra, perqu\u00e8 per a mi i per als que m\u2019estimen, avui ja \u00e9s un gran dia\u2026 Avui arriba a les llibreries el meu primer llibre, <span style=\"color: #f00a94;\"><a style=\"color: #f00a94;\" href=\"https:\/\/www.mosaiking.com\/llibre-aroma-de-marca\/\">l\u2019<strong><em>Aroma de marca<\/em><\/strong><\/a><\/span><em>, <\/em>un llibre pr\u00e0ctic, did\u00e0ctic i, m\u2019atreviria a dir, fins i tot for\u00e7a divertit, on a trav\u00e9s de 15 casos pr\u00e0ctics dono les claus de com crear una bona marca.<\/p>\n<p>Avui sento una especial emoci\u00f3. Escriure un llibre \u00e9s una experi\u00e8ncia fant\u00e0stica.<\/p>\n<p>A <span style=\"color: #f00a94;\"><a style=\"color: #f00a94;\" href=\"https:\/\/www.mosaiking.com\/llibre-aroma-de-marca\/\">l<\/a><a style=\"color: #f00a94;\" href=\"https:\/\/www.mosaiking.com\/llibre-aroma-de-marca\/\">\u2019<\/a><\/span><strong><em><a href=\"https:\/\/www.mosaiking.com\/llibre-aroma-de-marca\/\"><span style=\"color: #ff00ff;\"><span style=\"color: #f00a94;\">Aroma de marca<\/span>\u00a0<\/span><\/a><\/em><\/strong>he intentat traspassar al paper la meva experi\u00e8ncia professional de m\u00e9s de 20 anys com a publicit\u00e0ria per aquests mons de D\u00e9u. Al llibre s\u2019hi flairen marques i pistes per crear la teva marca. Alhora intento emocionar i tocar el cor del lector.<\/p>\n<p>Aquests mesos d\u2019escriptura tamb\u00e9 m\u2019han anat molt b\u00e9 per ordenar idees. Escriure \u00e9s una bona manera de con\u00e8ixer el nostre m\u00f3n intern i de drenar els racons de negativitat. Escriure ajuda a superar les pors i augmenta l\u2019autoconeixement. Escriure ensenya a discriminar entre pensaments, emocions i sensacions. Escriure ajuda a endre\u00e7ar les idees.<\/p>\n<p><span style=\"color: #f00a94;\"><strong>B\u00e9, no m\u2019enrotllo m\u00e9s. Aqu\u00ed us deixo el text de la contraportada del llibre per si us fa gr\u00e0cia anar-lo a comprar\u2026<\/strong><\/span><strong>\u00a0<\/strong><\/p>\n<p>\u201cMira al teu voltant. Est\u00e0s rodejat de productes que, en un moment o altre, far\u00e0s servir, i si ho no ho fas, tard o d\u2019hora et transmetran emocions o et cridaran l\u2019atenci\u00f3. Ara, entre les mans, tens aquest llibre\u2026 I, si el tens, \u00e9s perqu\u00e8 t\u2019ha cridat l\u2019atenci\u00f3, i en aix\u00f2 la imatge, la publicitat i la comunicaci\u00f3 hi han ajudat. Potser hi ha alguna cosa que l\u2019ha fet diferent del que hi ha fins ara. Alguna cosa que ha fet que te\u2019l miris. I \u00e9s que la diferenciaci\u00f3 \u00e9s, sens dubte, la base de la bona publicitat, aix\u00ed com tamb\u00e9 el fet que sigui \u00fanic. Aquest llibre vol ser un recull de tot aix\u00f2: t\u2019ajudar\u00e0 a crear una (bona) marca i a difondre-la a partir d\u2019hist\u00f2ries reals o exemples pr\u00e0ctics que han funcionat i altres en qu\u00e8 l\u2019autora ha treballat professionalment amb \u00e8xit\u201d.<\/p>\n<p><span style=\"color: #f00a94;\"><strong>Avui arriba una nova aroma\u2026 Avui \u00e9s un gran dia i dem\u00e0 tamb\u00e9.<\/strong><\/span><\/p>\n<p><em>Pelea por lo que quieres<\/em><\/p>\n<p><em>y no desesperes<\/em><\/p>\n<p><em>si algo no anda bien.<\/em><\/p>\n<p><em>Hoy puede ser un gran d\u00eda.<\/em><\/p>\n<p><em>\u00a1Y ma\u00f1ana tambi\u00e9n!<\/em><\/p>\n<p>&nbsp;<\/p>\n<p><span style=\"color: #f00a94;\"><strong>Presentacions:<\/strong><\/span><\/p>\n<p>15 de novembre, a <a href=\"http:\/\/www.apeudepagina.com\/\" target=\"_blank\" rel=\"noopener\"><span style=\"color: #f00a94;\">l\u2019A Peu de P\u00e0gina<\/span><\/a> \u2013 Sarri\u00e0 (Barcelona), amb Jordi Margarit.<br \/>\n22 de novembre, a <span style=\"color: #f00a94;\"><a style=\"color: #f00a94;\" href=\"http:\/\/www.laimpossible.cat\/\" target=\"_blank\" rel=\"noopener\">La Impossible<\/a> <\/span>\u2013 Eixample (Barcelona), amb Jordi Margarit.<br \/>\n30 de novembre, a <a href=\"https:\/\/espaicamaleonic.com\/\" target=\"_blank\" rel=\"noopener\"><span style=\"color: #f00a94;\">l\u2019Espai Camale\u00f2nic<\/span> <\/a>\u2013 Girona, amb Txell Costa i Marcela Topor.<\/p>\n","protected":false},"excerpt":{"rendered":"<p>Hoy puede ser un gran d\u00eda. Plant\u00e9atelo as\u00ed. Aprovecharlo o que pase de largo depende en parte de ti Avui \u00e9s un gran dia. Planteja-t\u2019ho aix\u00ed\u2026 M\u2019he perm\u00e8s canviar la lletra, perqu\u00e8 per a mi i per als que m\u2019estimen, avui ja \u00e9s un gran dia\u2026 Avui arriba a les llibreries el meu primer llibre, [&hellip;]<\/p>\n","protected":false},"author":1,"featured_media":1927,"comment_status":"closed","ping_status":"open","sticky":false,"template":"","format":"standard","meta":{"ocean_post_layout":"","ocean_both_sidebars_style":"","ocean_both_sidebars_content_width":0,"ocean_both_sidebars_sidebars_width":0,"ocean_sidebar":"","ocean_second_sidebar":"","ocean_disable_margins":"enable","ocean_add_body_class":"","ocean_shortcode_before_top_bar":"","ocean_shortcode_after_top_bar":"","ocean_shortcode_before_header":"","ocean_shortcode_after_header":"","ocean_has_shortcode":"","ocean_shortcode_after_title":"","ocean_shortcode_before_footer_widgets":"","ocean_shortcode_after_footer_widgets":"","ocean_shortcode_before_footer_bottom":"","ocean_shortcode_after_footer_bottom":"","ocean_display_top_bar":"default","ocean_display_header":"default","ocean_header_style":"","ocean_center_header_left_menu":"","ocean_custom_header_template":"","ocean_custom_logo":0,"ocean_custom_retina_logo":0,"ocean_custom_logo_max_width":0,"ocean_custom_logo_tablet_max_width":0,"ocean_custom_logo_mobile_max_width":0,"ocean_custom_logo_max_height":0,"ocean_custom_logo_tablet_max_height":0,"ocean_custom_logo_mobile_max_height":0,"ocean_header_custom_menu":"","ocean_menu_typo_font_family":"","ocean_menu_typo_font_subset":"","ocean_menu_typo_font_size":0,"ocean_menu_typo_font_size_tablet":0,"ocean_menu_typo_font_size_mobile":0,"ocean_menu_typo_font_size_unit":"px","ocean_menu_typo_font_weight":"","ocean_menu_typo_font_weight_tablet":"","ocean_menu_typo_font_weight_mobile":"","ocean_menu_typo_transform":"","ocean_menu_typo_transform_tablet":"","ocean_menu_typo_transform_mobile":"","ocean_menu_typo_line_height":0,"ocean_menu_typo_line_height_tablet":0,"ocean_menu_typo_line_height_mobile":0,"ocean_menu_typo_line_height_unit":"","ocean_menu_typo_spacing":0,"ocean_menu_typo_spacing_tablet":0,"ocean_menu_typo_spacing_mobile":0,"ocean_menu_typo_spacing_unit":"","ocean_menu_link_color":"","ocean_menu_link_color_hover":"","ocean_menu_link_color_active":"","ocean_menu_link_background":"","ocean_menu_link_hover_background":"","ocean_menu_link_active_background":"","ocean_menu_social_links_bg":"","ocean_menu_social_hover_links_bg":"","ocean_menu_social_links_color":"","ocean_menu_social_hover_links_color":"","ocean_disable_title":"default","ocean_disable_heading":"default","ocean_post_title":"","ocean_post_subheading":"","ocean_post_title_style":"","ocean_post_title_background_color":"","ocean_post_title_background":0,"ocean_post_title_bg_image_position":"","ocean_post_title_bg_image_attachment":"","ocean_post_title_bg_image_repeat":"","ocean_post_title_bg_image_size":"","ocean_post_title_height":0,"ocean_post_title_bg_overlay":0.5,"ocean_post_title_bg_overlay_color":"","ocean_disable_breadcrumbs":"default","ocean_breadcrumbs_color":"","ocean_breadcrumbs_separator_color":"","ocean_breadcrumbs_links_color":"","ocean_breadcrumbs_links_hover_color":"","ocean_display_footer_widgets":"default","ocean_display_footer_bottom":"default","ocean_custom_footer_template":"","_joinchat":[],"ocean_post_oembed":"","ocean_post_self_hosted_media":"","ocean_post_video_embed":"","ocean_link_format":"","ocean_link_format_target":"self","ocean_quote_format":"","ocean_quote_format_link":"post","ocean_gallery_link_images":"on","ocean_gallery_id":[],"footnotes":""},"categories":[10],"tags":[47,48,16,19,20],"class_list":["post-1920","post","type-post","status-publish","format-standard","has-post-thumbnail","hentry","category-actualitat","tag-aroma","tag-aromademarca","tag-branding","tag-marca","tag-mosaiking-comunicacio","entry","has-media"],"yoast_head":"<!-- This site is optimized with the Yoast SEO plugin v27.5 - https:\/\/yoast.com\/product\/yoast-seo-wordpress\/ -->\n<title>Aroma de marca per Marta Royo Espinet de Mosaiking Comunicaci\u00f3<\/title>\n<meta name=\"description\" content=\"Hoy puede ser un gran d\u00eda. Plant\u00e9atelo as\u00ed. Aprovecharlo o que pase de largo depende en parte de ti Avui \u00e9s un gran dia. Planteja-t\u2019ho aix\u00ed\u2026 M\u2019he perm\u00e8s Avui arriba una nova aroma. L&#039;Aroma de marca. El primer llibre de Marta Royo Espinet de Mosaiking Comunicaci\u00f3. 15 casos pr\u00e0ctics per crear la teva marca.\" \/>\n<meta name=\"robots\" content=\"index, follow, max-snippet:-1, max-image-preview:large, max-video-preview:-1\" \/>\n<link rel=\"canonical\" href=\"https:\/\/mosaiking.com\/es\/avui-arriba-una-nova-aroma\/\" \/>\n<meta property=\"og:locale\" content=\"es_ES\" \/>\n<meta property=\"og:type\" content=\"article\" \/>\n<meta property=\"og:title\" content=\"Aroma de marca per Marta Royo Espinet de Mosaiking Comunicaci\u00f3\" \/>\n<meta property=\"og:description\" content=\"Hoy puede ser un gran d\u00eda. Plant\u00e9atelo as\u00ed. Aprovecharlo o que pase de largo depende en parte de ti Avui \u00e9s un gran dia. Planteja-t\u2019ho aix\u00ed\u2026 M\u2019he perm\u00e8s Avui arriba una nova aroma. L&#039;Aroma de marca. El primer llibre de Marta Royo Espinet de Mosaiking Comunicaci\u00f3. 15 casos pr\u00e0ctics per crear la teva marca.\" \/>\n<meta property=\"og:url\" content=\"https:\/\/mosaiking.com\/es\/avui-arriba-una-nova-aroma\/\" \/>\n<meta property=\"og:site_name\" content=\"Mosaiking\" \/>\n<meta property=\"article:published_time\" content=\"2018-11-05T09:47:54+00:00\" \/>\n<meta property=\"og:image\" content=\"https:\/\/mosaiking.com\/wp-content\/uploads\/2018\/11\/Mailchimp_llancament_curt_2.jpg\" \/>\n\t<meta property=\"og:image:width\" content=\"1400\" \/>\n\t<meta property=\"og:image:height\" content=\"715\" \/>\n\t<meta property=\"og:image:type\" content=\"image\/jpeg\" \/>\n<meta name=\"author\" content=\"Mosaiking\" \/>\n<meta name=\"twitter:card\" content=\"summary_large_image\" \/>\n<meta name=\"twitter:label1\" content=\"Escrito por\" \/>\n\t<meta name=\"twitter:data1\" content=\"Mosaiking\" \/>\n\t<meta name=\"twitter:label2\" content=\"Tiempo de lectura\" \/>\n\t<meta name=\"twitter:data2\" content=\"2 minutos\" \/>\n<script type=\"application\/ld+json\" class=\"yoast-schema-graph\">{\"@context\":\"https:\\\/\\\/schema.org\",\"@graph\":[{\"@type\":\"Article\",\"@id\":\"https:\\\/\\\/mosaiking.com\\\/es\\\/avui-arriba-una-nova-aroma\\\/#article\",\"isPartOf\":{\"@id\":\"https:\\\/\\\/mosaiking.com\\\/es\\\/avui-arriba-una-nova-aroma\\\/\"},\"author\":{\"name\":\"Mosaiking\",\"@id\":\"https:\\\/\\\/mosaiking.com\\\/es\\\/#\\\/schema\\\/person\\\/82ca1cf5e82902eee8857e4ad13902f1\"},\"headline\":\"Avui arriba una nova aroma a la teva llibreria\",\"datePublished\":\"2018-11-05T09:47:54+00:00\",\"mainEntityOfPage\":{\"@id\":\"https:\\\/\\\/mosaiking.com\\\/es\\\/avui-arriba-una-nova-aroma\\\/\"},\"wordCount\":493,\"image\":{\"@id\":\"https:\\\/\\\/mosaiking.com\\\/es\\\/avui-arriba-una-nova-aroma\\\/#primaryimage\"},\"thumbnailUrl\":\"https:\\\/\\\/mosaiking.com\\\/wp-content\\\/uploads\\\/2018\\\/11\\\/Mailchimp_llancament_curt_2.jpg\",\"keywords\":[\"aroma\",\"aromademarca\",\"branding\",\"marca\",\"Mosaiking Comunicaci\u00f3\"],\"articleSection\":[\"Actualitat\"],\"inLanguage\":\"es\"},{\"@type\":\"WebPage\",\"@id\":\"https:\\\/\\\/mosaiking.com\\\/es\\\/avui-arriba-una-nova-aroma\\\/\",\"url\":\"https:\\\/\\\/mosaiking.com\\\/es\\\/avui-arriba-una-nova-aroma\\\/\",\"name\":\"Aroma de marca per Marta Royo Espinet de Mosaiking Comunicaci\u00f3\",\"isPartOf\":{\"@id\":\"https:\\\/\\\/mosaiking.com\\\/es\\\/#website\"},\"primaryImageOfPage\":{\"@id\":\"https:\\\/\\\/mosaiking.com\\\/es\\\/avui-arriba-una-nova-aroma\\\/#primaryimage\"},\"image\":{\"@id\":\"https:\\\/\\\/mosaiking.com\\\/es\\\/avui-arriba-una-nova-aroma\\\/#primaryimage\"},\"thumbnailUrl\":\"https:\\\/\\\/mosaiking.com\\\/wp-content\\\/uploads\\\/2018\\\/11\\\/Mailchimp_llancament_curt_2.jpg\",\"datePublished\":\"2018-11-05T09:47:54+00:00\",\"author\":{\"@id\":\"https:\\\/\\\/mosaiking.com\\\/es\\\/#\\\/schema\\\/person\\\/82ca1cf5e82902eee8857e4ad13902f1\"},\"description\":\"Hoy puede ser un gran d\u00eda. Plant\u00e9atelo as\u00ed. Aprovecharlo o que pase de largo depende en parte de ti Avui \u00e9s un gran dia. Planteja-t\u2019ho aix\u00ed\u2026 M\u2019he perm\u00e8s Avui arriba una nova aroma. L'Aroma de marca. El primer llibre de Marta Royo Espinet de Mosaiking Comunicaci\u00f3. 15 casos pr\u00e0ctics per crear la teva marca.\",\"breadcrumb\":{\"@id\":\"https:\\\/\\\/mosaiking.com\\\/es\\\/avui-arriba-una-nova-aroma\\\/#breadcrumb\"},\"inLanguage\":\"es\",\"potentialAction\":[{\"@type\":\"ReadAction\",\"target\":[\"https:\\\/\\\/mosaiking.com\\\/es\\\/avui-arriba-una-nova-aroma\\\/\"]}]},{\"@type\":\"ImageObject\",\"inLanguage\":\"es\",\"@id\":\"https:\\\/\\\/mosaiking.com\\\/es\\\/avui-arriba-una-nova-aroma\\\/#primaryimage\",\"url\":\"https:\\\/\\\/mosaiking.com\\\/wp-content\\\/uploads\\\/2018\\\/11\\\/Mailchimp_llancament_curt_2.jpg\",\"contentUrl\":\"https:\\\/\\\/mosaiking.com\\\/wp-content\\\/uploads\\\/2018\\\/11\\\/Mailchimp_llancament_curt_2.jpg\",\"width\":1400,\"height\":715,\"caption\":\"Aroma de Marca\"},{\"@type\":\"BreadcrumbList\",\"@id\":\"https:\\\/\\\/mosaiking.com\\\/es\\\/avui-arriba-una-nova-aroma\\\/#breadcrumb\",\"itemListElement\":[{\"@type\":\"ListItem\",\"position\":1,\"name\":\"Portada\",\"item\":\"https:\\\/\\\/mosaiking.com\\\/es\\\/mosaiking-pasion-por-las-marcas\\\/\"},{\"@type\":\"ListItem\",\"position\":2,\"name\":\"Avui arriba una nova aroma a la teva llibreria\"}]},{\"@type\":\"WebSite\",\"@id\":\"https:\\\/\\\/mosaiking.com\\\/es\\\/#website\",\"url\":\"https:\\\/\\\/mosaiking.com\\\/es\\\/\",\"name\":\"Mosaiking\",\"description\":\"Passi\u00f3 per la teva marca\",\"potentialAction\":[{\"@type\":\"SearchAction\",\"target\":{\"@type\":\"EntryPoint\",\"urlTemplate\":\"https:\\\/\\\/mosaiking.com\\\/es\\\/?s={search_term_string}\"},\"query-input\":{\"@type\":\"PropertyValueSpecification\",\"valueRequired\":true,\"valueName\":\"search_term_string\"}}],\"inLanguage\":\"es\"},{\"@type\":\"Person\",\"@id\":\"https:\\\/\\\/mosaiking.com\\\/es\\\/#\\\/schema\\\/person\\\/82ca1cf5e82902eee8857e4ad13902f1\",\"name\":\"Mosaiking\",\"image\":{\"@type\":\"ImageObject\",\"inLanguage\":\"es\",\"@id\":\"https:\\\/\\\/secure.gravatar.com\\\/avatar\\\/c7ea4bff8764dce161f8b55c91d0d751213c47808c77d9da68dae2b5e4fed52b?s=96&d=mm&r=g\",\"url\":\"https:\\\/\\\/secure.gravatar.com\\\/avatar\\\/c7ea4bff8764dce161f8b55c91d0d751213c47808c77d9da68dae2b5e4fed52b?s=96&d=mm&r=g\",\"contentUrl\":\"https:\\\/\\\/secure.gravatar.com\\\/avatar\\\/c7ea4bff8764dce161f8b55c91d0d751213c47808c77d9da68dae2b5e4fed52b?s=96&d=mm&r=g\",\"caption\":\"Mosaiking\"},\"sameAs\":[\"https:\\\/\\\/mosaiking.com\"]}]}<\/script>\n<!-- \/ Yoast SEO plugin. -->","yoast_head_json":{"title":"Aroma de marca per Marta Royo Espinet de Mosaiking Comunicaci\u00f3","description":"Hoy puede ser un gran d\u00eda. Plant\u00e9atelo as\u00ed. Aprovecharlo o que pase de largo depende en parte de ti Avui \u00e9s un gran dia. Planteja-t\u2019ho aix\u00ed\u2026 M\u2019he perm\u00e8s Avui arriba una nova aroma. L'Aroma de marca. El primer llibre de Marta Royo Espinet de Mosaiking Comunicaci\u00f3. 15 casos pr\u00e0ctics per crear la teva marca.","robots":{"index":"index","follow":"follow","max-snippet":"max-snippet:-1","max-image-preview":"max-image-preview:large","max-video-preview":"max-video-preview:-1"},"canonical":"https:\/\/mosaiking.com\/es\/avui-arriba-una-nova-aroma\/","og_locale":"es_ES","og_type":"article","og_title":"Aroma de marca per Marta Royo Espinet de Mosaiking Comunicaci\u00f3","og_description":"Hoy puede ser un gran d\u00eda. Plant\u00e9atelo as\u00ed. Aprovecharlo o que pase de largo depende en parte de ti Avui \u00e9s un gran dia. Planteja-t\u2019ho aix\u00ed\u2026 M\u2019he perm\u00e8s Avui arriba una nova aroma. L'Aroma de marca. El primer llibre de Marta Royo Espinet de Mosaiking Comunicaci\u00f3. 15 casos pr\u00e0ctics per crear la teva marca.","og_url":"https:\/\/mosaiking.com\/es\/avui-arriba-una-nova-aroma\/","og_site_name":"Mosaiking","article_published_time":"2018-11-05T09:47:54+00:00","og_image":[{"width":1400,"height":715,"url":"https:\/\/mosaiking.com\/wp-content\/uploads\/2018\/11\/Mailchimp_llancament_curt_2.jpg","type":"image\/jpeg"}],"author":"Mosaiking","twitter_card":"summary_large_image","twitter_misc":{"Escrito por":"Mosaiking","Tiempo de lectura":"2 minutos"},"schema":{"@context":"https:\/\/schema.org","@graph":[{"@type":"Article","@id":"https:\/\/mosaiking.com\/es\/avui-arriba-una-nova-aroma\/#article","isPartOf":{"@id":"https:\/\/mosaiking.com\/es\/avui-arriba-una-nova-aroma\/"},"author":{"name":"Mosaiking","@id":"https:\/\/mosaiking.com\/es\/#\/schema\/person\/82ca1cf5e82902eee8857e4ad13902f1"},"headline":"Avui arriba una nova aroma a la teva llibreria","datePublished":"2018-11-05T09:47:54+00:00","mainEntityOfPage":{"@id":"https:\/\/mosaiking.com\/es\/avui-arriba-una-nova-aroma\/"},"wordCount":493,"image":{"@id":"https:\/\/mosaiking.com\/es\/avui-arriba-una-nova-aroma\/#primaryimage"},"thumbnailUrl":"https:\/\/mosaiking.com\/wp-content\/uploads\/2018\/11\/Mailchimp_llancament_curt_2.jpg","keywords":["aroma","aromademarca","branding","marca","Mosaiking Comunicaci\u00f3"],"articleSection":["Actualitat"],"inLanguage":"es"},{"@type":"WebPage","@id":"https:\/\/mosaiking.com\/es\/avui-arriba-una-nova-aroma\/","url":"https:\/\/mosaiking.com\/es\/avui-arriba-una-nova-aroma\/","name":"Aroma de marca per Marta Royo Espinet de Mosaiking Comunicaci\u00f3","isPartOf":{"@id":"https:\/\/mosaiking.com\/es\/#website"},"primaryImageOfPage":{"@id":"https:\/\/mosaiking.com\/es\/avui-arriba-una-nova-aroma\/#primaryimage"},"image":{"@id":"https:\/\/mosaiking.com\/es\/avui-arriba-una-nova-aroma\/#primaryimage"},"thumbnailUrl":"https:\/\/mosaiking.com\/wp-content\/uploads\/2018\/11\/Mailchimp_llancament_curt_2.jpg","datePublished":"2018-11-05T09:47:54+00:00","author":{"@id":"https:\/\/mosaiking.com\/es\/#\/schema\/person\/82ca1cf5e82902eee8857e4ad13902f1"},"description":"Hoy puede ser un gran d\u00eda. Plant\u00e9atelo as\u00ed. Aprovecharlo o que pase de largo depende en parte de ti Avui \u00e9s un gran dia. Planteja-t\u2019ho aix\u00ed\u2026 M\u2019he perm\u00e8s Avui arriba una nova aroma. L'Aroma de marca. El primer llibre de Marta Royo Espinet de Mosaiking Comunicaci\u00f3. 15 casos pr\u00e0ctics per crear la teva marca.","breadcrumb":{"@id":"https:\/\/mosaiking.com\/es\/avui-arriba-una-nova-aroma\/#breadcrumb"},"inLanguage":"es","potentialAction":[{"@type":"ReadAction","target":["https:\/\/mosaiking.com\/es\/avui-arriba-una-nova-aroma\/"]}]},{"@type":"ImageObject","inLanguage":"es","@id":"https:\/\/mosaiking.com\/es\/avui-arriba-una-nova-aroma\/#primaryimage","url":"https:\/\/mosaiking.com\/wp-content\/uploads\/2018\/11\/Mailchimp_llancament_curt_2.jpg","contentUrl":"https:\/\/mosaiking.com\/wp-content\/uploads\/2018\/11\/Mailchimp_llancament_curt_2.jpg","width":1400,"height":715,"caption":"Aroma de Marca"},{"@type":"BreadcrumbList","@id":"https:\/\/mosaiking.com\/es\/avui-arriba-una-nova-aroma\/#breadcrumb","itemListElement":[{"@type":"ListItem","position":1,"name":"Portada","item":"https:\/\/mosaiking.com\/es\/mosaiking-pasion-por-las-marcas\/"},{"@type":"ListItem","position":2,"name":"Avui arriba una nova aroma a la teva llibreria"}]},{"@type":"WebSite","@id":"https:\/\/mosaiking.com\/es\/#website","url":"https:\/\/mosaiking.com\/es\/","name":"Mosaiking","description":"Passi\u00f3 per la teva marca","potentialAction":[{"@type":"SearchAction","target":{"@type":"EntryPoint","urlTemplate":"https:\/\/mosaiking.com\/es\/?s={search_term_string}"},"query-input":{"@type":"PropertyValueSpecification","valueRequired":true,"valueName":"search_term_string"}}],"inLanguage":"es"},{"@type":"Person","@id":"https:\/\/mosaiking.com\/es\/#\/schema\/person\/82ca1cf5e82902eee8857e4ad13902f1","name":"Mosaiking","image":{"@type":"ImageObject","inLanguage":"es","@id":"https:\/\/secure.gravatar.com\/avatar\/c7ea4bff8764dce161f8b55c91d0d751213c47808c77d9da68dae2b5e4fed52b?s=96&d=mm&r=g","url":"https:\/\/secure.gravatar.com\/avatar\/c7ea4bff8764dce161f8b55c91d0d751213c47808c77d9da68dae2b5e4fed52b?s=96&d=mm&r=g","contentUrl":"https:\/\/secure.gravatar.com\/avatar\/c7ea4bff8764dce161f8b55c91d0d751213c47808c77d9da68dae2b5e4fed52b?s=96&d=mm&r=g","caption":"Mosaiking"},"sameAs":["https:\/\/mosaiking.com"]}]}},"_links":{"self":[{"href":"https:\/\/mosaiking.com\/es\/wp-json\/wp\/v2\/posts\/1920","targetHints":{"allow":["GET"]}}],"collection":[{"href":"https:\/\/mosaiking.com\/es\/wp-json\/wp\/v2\/posts"}],"about":[{"href":"https:\/\/mosaiking.com\/es\/wp-json\/wp\/v2\/types\/post"}],"author":[{"embeddable":true,"href":"https:\/\/mosaiking.com\/es\/wp-json\/wp\/v2\/users\/1"}],"replies":[{"embeddable":true,"href":"https:\/\/mosaiking.com\/es\/wp-json\/wp\/v2\/comments?post=1920"}],"version-history":[{"count":0,"href":"https:\/\/mosaiking.com\/es\/wp-json\/wp\/v2\/posts\/1920\/revisions"}],"wp:featuredmedia":[{"embeddable":true,"href":"https:\/\/mosaiking.com\/es\/wp-json\/wp\/v2\/media\/1927"}],"wp:attachment":[{"href":"https:\/\/mosaiking.com\/es\/wp-json\/wp\/v2\/media?parent=1920"}],"wp:term":[{"taxonomy":"category","embeddable":true,"href":"https:\/\/mosaiking.com\/es\/wp-json\/wp\/v2\/categories?post=1920"},{"taxonomy":"post_tag","embeddable":true,"href":"https:\/\/mosaiking.com\/es\/wp-json\/wp\/v2\/tags?post=1920"}],"curies":[{"name":"wp","href":"https:\/\/api.w.org\/{rel}","templated":true}]}}