{"id":1994,"date":"2018-12-03T10:53:50","date_gmt":"2018-12-03T10:53:50","guid":{"rendered":"http:\/\/www.mosaiking.com\/?p=1994"},"modified":"2018-12-03T10:53:50","modified_gmt":"2018-12-03T10:53:50","slug":"aroma-de-marca-de-marta-royo-a-girona-amb-marcela-topor-i-txell-costa","status":"publish","type":"post","link":"https:\/\/mosaiking.com\/es\/aroma-de-marca-de-marta-royo-a-girona-amb-marcela-topor-i-txell-costa\/","title":{"rendered":"Girona t\u00e9 una aroma que enamora"},"content":{"rendered":"<p>Divendres vaig fer la tercera presentaci\u00f3 del meu primer llibre, <em><span style=\"color: #ff00ff;\"><a style=\"color: #ff00ff;\" href=\"https:\/\/www.mosaiking.com\/llibre-aroma-de-marca\/\" target=\"_blank\" rel=\"noopener\">Aroma de marca, <\/a><\/span>de <\/em>Cosset\u00e0nia Edicions, un recull de 15 hist\u00f2ries reals amb claus per crear una bona marca.<\/p>\n<p>Si era dia 30, tocava a Girona. Estava un p\u00e8l neguitosa. Era la tercera, s\u00ed, per\u00f2 jugava en camp contrari. Les dues primeres van ser a casa. A Barcelona, a la Llibreria <em>A Peu de P\u00e0gina\u00a0<\/em>i a la Llibreria <em>La Impossible<\/em>. Acompanyada per l\u2019amic i periodista Jordi Margarit, i amb la pres\u00e8ncia dels amics, coneguts i saludats del meu entorn i tamb\u00e9 de la professi\u00f3.<\/p>\n<p>Girona t\u00e9 una aroma que enamora per\u00f2 tamb\u00e9 que acoquina una mica, una mica, s\u00ed. Nom\u00e9s arribar a Girona, aquell neguit que tenia des de bon mat\u00ed es va esvair:\u00a0 la boira, la Lleona, la Devesa i les casetes de colors de la vora del riu Onyar m\u2019hi esperaven! L\u2019ambient de divendres a la tarda, de la gent que sortia de treballar amb ganes de prendre l\u2019aroma del cap de setmana, va ser el meu escalfament abans de sortir al camp a jugar.<br \/>\nI un cop comenc\u00e9s el partit, a banda i banda hi tenia dues grans professionals que m\u2019ajudarien a presentar el llibre: la <strong>Marcela Topor i la Txell Costa<\/strong>. Dues grans professionals i dues grans dones.<\/p>\n<p>Hi vaig anar acompanyada, amb el meu (sant) marit. Com a bons ambaixadors de Can Fanga, vam fer el <em>tomet <\/em>de qui puja a Girona i vol rec\u00f3rrer els llocs ara m\u00e9s <em>instagramejats<\/em>: el pont de les Peixateries Velles, la pla\u00e7a del Vi, la de l\u2019Oli\u2026 Fins arribar al terreny de joc, l\u2019Espai Camale\u00f2nic, on ens esperava, riallera, la Irene, amb tot a punt, cervesa La Brava inclosa que apadrinava l&#8217;acte. I ja a primera fila per fer les fotos de la presentaci\u00f3, l\u2019Andreu Zulet, un jove fot\u00f2graf amb un talent del qual se sentir\u00e0 a parlar. Tamb\u00e9 l\u2019<a href=\"https:\/\/emmallensa.com\">Emma Llensa<\/a>, l\u2019experta en m\u00e0rqueting digital que ens va ajudar a fer la convocat\u00f2ria a Girona, a qui agraeixo el gran \u00e8xit d\u2019assist\u00e8ncia amb m\u00e9s de 40 persones. Entre elles, el tinent d\u2019alcalde de Girona, que ens va fer l\u2019honor d\u2019acompanyar-nos (gr\u00e0cies, Carles Ribas per haver trobat un forat en la teva ajustada agenda), els meus tiets de Roses (un pet\u00f3, Gl\u00f2ria i Ivo), emprenedores (parlo en femen\u00ed perqu\u00e8 la majoria eren dones), comerciants, curiosos i, fins i tot, algun barcelon\u00ed que va fer, com nosaltres, un puja i baixa.<\/p>\n<p>A dos quarts de vuit la sala era plena. Vam deixar els cinc minuts de cortesia i a dos quarts i cinc vam comen\u00e7ar a flairar el llibre.<\/p>\n<p>Vam obrir les primeres p\u00e0gines i ja se\u2019n va desprendre la seva flaire. D\u2019una manera molt c\u00f2moda, amb el joc ben repartit per les dues professionals que tenia a banda i banda, amb la Txell Costa i la Marcela Topor, vam anar parlant de l\u2019aroma que fan les marques, dels projectes personals, d\u2019an\u00e8cdotes, de viv\u00e8ncies.<br \/>\nVam flairar algun exemple pr\u00e0ctic que explico en el llibre. Fins i tot, al final, em vaig atrevir a fer un petit ADR (an\u00e0lisi, diagn\u00f2stic i recomanacions en clau de publicitat) de 5 projectes de la sala, partint de les seves targetes de visita.<\/p>\n<p>Gaireb\u00e9 una hora de partit on vam xalar molt. Em va faltar una pr\u00f2rroga per aprofundir en el llibre. Aix\u00f2 rai, perqu\u00e8 si us fa goig, el podeu comprar avui mateix a la vostra llibreria habitual i llegir-ne el primer cap\u00edtol de franc, aqu\u00ed, entrant al web <span style=\"color: #ff00ff;\"><a style=\"color: #ff00ff;\" href=\"https:\/\/www.mosaiking.com\/llibre-aroma-de-marca\/\">www.aromademarca.cat<\/a>.<\/span><\/p>\n<p>Gr\u00e0cies, Girona, per haver-me fet sentir com a casa!<br \/>\nGr\u00e0cies, Girona, per haver-me deixat enamorar de la teva aroma. Quan et sents com a casa, tot \u00e9s m\u00e9s f\u00e0cil.<\/p>\n<p>Aqu\u00ed, l\u2019enlla\u00e7 amb la presentaci\u00f3: <a href=\"http:\/\/youtu.be\/EPSINf5x3d8\" data-cke-saved-href=\"http:\/\/youtu.be\/EPSINf5x3d8\"><span style=\"color: #ff00ff;\">http:\/\/youtu.be\/EPSINf5x3d8<\/span>\u00a0<\/a><\/p>\n","protected":false},"excerpt":{"rendered":"<p>Divendres vaig fer la tercera presentaci\u00f3 del meu primer llibre, Aroma de marca, de Cosset\u00e0nia Edicions, un recull de 15 hist\u00f2ries reals amb claus per crear una bona marca. Si era dia 30, tocava a Girona. Estava un p\u00e8l neguitosa. Era la tercera, s\u00ed, per\u00f2 jugava en camp contrari. Les dues primeres van ser a [&hellip;]<\/p>\n","protected":false},"author":1,"featured_media":1998,"comment_status":"closed","ping_status":"open","sticky":false,"template":"","format":"standard","meta":{"ocean_post_layout":"","ocean_both_sidebars_style":"","ocean_both_sidebars_content_width":0,"ocean_both_sidebars_sidebars_width":0,"ocean_sidebar":"","ocean_second_sidebar":"","ocean_disable_margins":"enable","ocean_add_body_class":"","ocean_shortcode_before_top_bar":"","ocean_shortcode_after_top_bar":"","ocean_shortcode_before_header":"","ocean_shortcode_after_header":"","ocean_has_shortcode":"","ocean_shortcode_after_title":"","ocean_shortcode_before_footer_widgets":"","ocean_shortcode_after_footer_widgets":"","ocean_shortcode_before_footer_bottom":"","ocean_shortcode_after_footer_bottom":"","ocean_display_top_bar":"default","ocean_display_header":"default","ocean_header_style":"","ocean_center_header_left_menu":"","ocean_custom_header_template":"","ocean_custom_logo":0,"ocean_custom_retina_logo":0,"ocean_custom_logo_max_width":0,"ocean_custom_logo_tablet_max_width":0,"ocean_custom_logo_mobile_max_width":0,"ocean_custom_logo_max_height":0,"ocean_custom_logo_tablet_max_height":0,"ocean_custom_logo_mobile_max_height":0,"ocean_header_custom_menu":"","ocean_menu_typo_font_family":"","ocean_menu_typo_font_subset":"","ocean_menu_typo_font_size":0,"ocean_menu_typo_font_size_tablet":0,"ocean_menu_typo_font_size_mobile":0,"ocean_menu_typo_font_size_unit":"px","ocean_menu_typo_font_weight":"","ocean_menu_typo_font_weight_tablet":"","ocean_menu_typo_font_weight_mobile":"","ocean_menu_typo_transform":"","ocean_menu_typo_transform_tablet":"","ocean_menu_typo_transform_mobile":"","ocean_menu_typo_line_height":0,"ocean_menu_typo_line_height_tablet":0,"ocean_menu_typo_line_height_mobile":0,"ocean_menu_typo_line_height_unit":"","ocean_menu_typo_spacing":0,"ocean_menu_typo_spacing_tablet":0,"ocean_menu_typo_spacing_mobile":0,"ocean_menu_typo_spacing_unit":"","ocean_menu_link_color":"","ocean_menu_link_color_hover":"","ocean_menu_link_color_active":"","ocean_menu_link_background":"","ocean_menu_link_hover_background":"","ocean_menu_link_active_background":"","ocean_menu_social_links_bg":"","ocean_menu_social_hover_links_bg":"","ocean_menu_social_links_color":"","ocean_menu_social_hover_links_color":"","ocean_disable_title":"default","ocean_disable_heading":"default","ocean_post_title":"","ocean_post_subheading":"","ocean_post_title_style":"","ocean_post_title_background_color":"","ocean_post_title_background":0,"ocean_post_title_bg_image_position":"","ocean_post_title_bg_image_attachment":"","ocean_post_title_bg_image_repeat":"","ocean_post_title_bg_image_size":"","ocean_post_title_height":0,"ocean_post_title_bg_overlay":0.5,"ocean_post_title_bg_overlay_color":"","ocean_disable_breadcrumbs":"default","ocean_breadcrumbs_color":"","ocean_breadcrumbs_separator_color":"","ocean_breadcrumbs_links_color":"","ocean_breadcrumbs_links_hover_color":"","ocean_display_footer_widgets":"default","ocean_display_footer_bottom":"default","ocean_custom_footer_template":"","_joinchat":[],"ocean_post_oembed":"","ocean_post_self_hosted_media":"","ocean_post_video_embed":"","ocean_link_format":"","ocean_link_format_target":"self","ocean_quote_format":"","ocean_quote_format_link":"post","ocean_gallery_link_images":"on","ocean_gallery_id":[],"footnotes":""},"categories":[12,15],"tags":[38,49,50,51,19,52,53,21,54],"class_list":["post-1994","post","type-post","status-publish","format-standard","has-post-thumbnail","hentry","category-greneral","category-mitjans-de-comunicacio","tag-aroma-de-marca","tag-emprenedoria","tag-empresa","tag-girona","tag-marca","tag-marcela-topor","tag-periodisme-girona","tag-publicitat","tag-txell-costa","entry","has-media"],"yoast_head":"<!-- This site is optimized with the Yoast SEO plugin v27.5 - https:\/\/yoast.com\/product\/yoast-seo-wordpress\/ -->\n<title>Aroma de marca de Marta Royo a Girona amb Marcela Topor i Txell Costa<\/title>\n<meta name=\"description\" content=\"El llibre Aroma de marca de Marta Royo Espinet, arriba a Girona presentat per la Marcela Topor i Txell Costa. Tres grans dones, tres grans professionals.\" \/>\n<meta name=\"robots\" content=\"index, follow, max-snippet:-1, max-image-preview:large, max-video-preview:-1\" \/>\n<link rel=\"canonical\" href=\"https:\/\/mosaiking.com\/es\/aroma-de-marca-de-marta-royo-a-girona-amb-marcela-topor-i-txell-costa\/\" \/>\n<meta property=\"og:locale\" content=\"es_ES\" \/>\n<meta property=\"og:type\" content=\"article\" \/>\n<meta property=\"og:title\" content=\"Aroma de marca de Marta Royo a Girona amb Marcela Topor i Txell Costa\" \/>\n<meta property=\"og:description\" content=\"El llibre Aroma de marca de Marta Royo Espinet, arriba a Girona presentat per la Marcela Topor i Txell Costa. Tres grans dones, tres grans professionals.\" \/>\n<meta property=\"og:url\" content=\"https:\/\/mosaiking.com\/es\/aroma-de-marca-de-marta-royo-a-girona-amb-marcela-topor-i-txell-costa\/\" \/>\n<meta property=\"og:site_name\" content=\"Mosaiking\" \/>\n<meta property=\"article:published_time\" content=\"2018-12-03T10:53:50+00:00\" \/>\n<meta property=\"og:image\" content=\"https:\/\/mosaiking.com\/wp-content\/uploads\/2018\/12\/30nov2018_Girona_Aromademarca.jpg\" \/>\n\t<meta property=\"og:image:width\" content=\"1200\" \/>\n\t<meta property=\"og:image:height\" content=\"719\" \/>\n\t<meta property=\"og:image:type\" content=\"image\/jpeg\" \/>\n<meta name=\"author\" content=\"Mosaiking\" \/>\n<meta name=\"twitter:card\" content=\"summary_large_image\" \/>\n<meta name=\"twitter:label1\" content=\"Escrito por\" \/>\n\t<meta name=\"twitter:data1\" content=\"Mosaiking\" \/>\n\t<meta name=\"twitter:label2\" content=\"Tiempo de lectura\" \/>\n\t<meta name=\"twitter:data2\" content=\"3 minutos\" \/>\n<script type=\"application\/ld+json\" class=\"yoast-schema-graph\">{\"@context\":\"https:\\\/\\\/schema.org\",\"@graph\":[{\"@type\":\"Article\",\"@id\":\"https:\\\/\\\/mosaiking.com\\\/es\\\/aroma-de-marca-de-marta-royo-a-girona-amb-marcela-topor-i-txell-costa\\\/#article\",\"isPartOf\":{\"@id\":\"https:\\\/\\\/mosaiking.com\\\/es\\\/aroma-de-marca-de-marta-royo-a-girona-amb-marcela-topor-i-txell-costa\\\/\"},\"author\":{\"name\":\"Mosaiking\",\"@id\":\"https:\\\/\\\/mosaiking.com\\\/es\\\/#\\\/schema\\\/person\\\/82ca1cf5e82902eee8857e4ad13902f1\"},\"headline\":\"Girona t\u00e9 una aroma que enamora\",\"datePublished\":\"2018-12-03T10:53:50+00:00\",\"mainEntityOfPage\":{\"@id\":\"https:\\\/\\\/mosaiking.com\\\/es\\\/aroma-de-marca-de-marta-royo-a-girona-amb-marcela-topor-i-txell-costa\\\/\"},\"wordCount\":672,\"image\":{\"@id\":\"https:\\\/\\\/mosaiking.com\\\/es\\\/aroma-de-marca-de-marta-royo-a-girona-amb-marcela-topor-i-txell-costa\\\/#primaryimage\"},\"thumbnailUrl\":\"https:\\\/\\\/mosaiking.com\\\/wp-content\\\/uploads\\\/2018\\\/12\\\/30nov2018_Girona_Aromademarca.jpg\",\"keywords\":[\"aroma de marca\",\"emprenedoria\",\"empresa\",\"girona\",\"marca\",\"marcela topor\",\"periodisme girona\",\"publicitat\",\"txell costa\"],\"articleSection\":[\"General\",\"Mitjans de Comunicaci\u00f3\"],\"inLanguage\":\"es\"},{\"@type\":\"WebPage\",\"@id\":\"https:\\\/\\\/mosaiking.com\\\/es\\\/aroma-de-marca-de-marta-royo-a-girona-amb-marcela-topor-i-txell-costa\\\/\",\"url\":\"https:\\\/\\\/mosaiking.com\\\/es\\\/aroma-de-marca-de-marta-royo-a-girona-amb-marcela-topor-i-txell-costa\\\/\",\"name\":\"Aroma de marca de Marta Royo a Girona amb Marcela Topor i Txell Costa\",\"isPartOf\":{\"@id\":\"https:\\\/\\\/mosaiking.com\\\/es\\\/#website\"},\"primaryImageOfPage\":{\"@id\":\"https:\\\/\\\/mosaiking.com\\\/es\\\/aroma-de-marca-de-marta-royo-a-girona-amb-marcela-topor-i-txell-costa\\\/#primaryimage\"},\"image\":{\"@id\":\"https:\\\/\\\/mosaiking.com\\\/es\\\/aroma-de-marca-de-marta-royo-a-girona-amb-marcela-topor-i-txell-costa\\\/#primaryimage\"},\"thumbnailUrl\":\"https:\\\/\\\/mosaiking.com\\\/wp-content\\\/uploads\\\/2018\\\/12\\\/30nov2018_Girona_Aromademarca.jpg\",\"datePublished\":\"2018-12-03T10:53:50+00:00\",\"author\":{\"@id\":\"https:\\\/\\\/mosaiking.com\\\/es\\\/#\\\/schema\\\/person\\\/82ca1cf5e82902eee8857e4ad13902f1\"},\"description\":\"El llibre Aroma de marca de Marta Royo Espinet, arriba a Girona presentat per la Marcela Topor i Txell Costa. Tres grans dones, tres grans professionals.\",\"breadcrumb\":{\"@id\":\"https:\\\/\\\/mosaiking.com\\\/es\\\/aroma-de-marca-de-marta-royo-a-girona-amb-marcela-topor-i-txell-costa\\\/#breadcrumb\"},\"inLanguage\":\"es\",\"potentialAction\":[{\"@type\":\"ReadAction\",\"target\":[\"https:\\\/\\\/mosaiking.com\\\/es\\\/aroma-de-marca-de-marta-royo-a-girona-amb-marcela-topor-i-txell-costa\\\/\"]}]},{\"@type\":\"ImageObject\",\"inLanguage\":\"es\",\"@id\":\"https:\\\/\\\/mosaiking.com\\\/es\\\/aroma-de-marca-de-marta-royo-a-girona-amb-marcela-topor-i-txell-costa\\\/#primaryimage\",\"url\":\"https:\\\/\\\/mosaiking.com\\\/wp-content\\\/uploads\\\/2018\\\/12\\\/30nov2018_Girona_Aromademarca.jpg\",\"contentUrl\":\"https:\\\/\\\/mosaiking.com\\\/wp-content\\\/uploads\\\/2018\\\/12\\\/30nov2018_Girona_Aromademarca.jpg\",\"width\":1200,\"height\":719,\"caption\":\"Mosaiking Comunicaci\u00f3 | Consultor\u00eda de publicidad\"},{\"@type\":\"BreadcrumbList\",\"@id\":\"https:\\\/\\\/mosaiking.com\\\/es\\\/aroma-de-marca-de-marta-royo-a-girona-amb-marcela-topor-i-txell-costa\\\/#breadcrumb\",\"itemListElement\":[{\"@type\":\"ListItem\",\"position\":1,\"name\":\"Portada\",\"item\":\"https:\\\/\\\/mosaiking.com\\\/es\\\/mosaiking-pasion-por-las-marcas\\\/\"},{\"@type\":\"ListItem\",\"position\":2,\"name\":\"Girona t\u00e9 una aroma que enamora\"}]},{\"@type\":\"WebSite\",\"@id\":\"https:\\\/\\\/mosaiking.com\\\/es\\\/#website\",\"url\":\"https:\\\/\\\/mosaiking.com\\\/es\\\/\",\"name\":\"Mosaiking\",\"description\":\"Passi\u00f3 per la teva marca\",\"potentialAction\":[{\"@type\":\"SearchAction\",\"target\":{\"@type\":\"EntryPoint\",\"urlTemplate\":\"https:\\\/\\\/mosaiking.com\\\/es\\\/?s={search_term_string}\"},\"query-input\":{\"@type\":\"PropertyValueSpecification\",\"valueRequired\":true,\"valueName\":\"search_term_string\"}}],\"inLanguage\":\"es\"},{\"@type\":\"Person\",\"@id\":\"https:\\\/\\\/mosaiking.com\\\/es\\\/#\\\/schema\\\/person\\\/82ca1cf5e82902eee8857e4ad13902f1\",\"name\":\"Mosaiking\",\"image\":{\"@type\":\"ImageObject\",\"inLanguage\":\"es\",\"@id\":\"https:\\\/\\\/secure.gravatar.com\\\/avatar\\\/c7ea4bff8764dce161f8b55c91d0d751213c47808c77d9da68dae2b5e4fed52b?s=96&d=mm&r=g\",\"url\":\"https:\\\/\\\/secure.gravatar.com\\\/avatar\\\/c7ea4bff8764dce161f8b55c91d0d751213c47808c77d9da68dae2b5e4fed52b?s=96&d=mm&r=g\",\"contentUrl\":\"https:\\\/\\\/secure.gravatar.com\\\/avatar\\\/c7ea4bff8764dce161f8b55c91d0d751213c47808c77d9da68dae2b5e4fed52b?s=96&d=mm&r=g\",\"caption\":\"Mosaiking\"},\"sameAs\":[\"https:\\\/\\\/mosaiking.com\"]}]}<\/script>\n<!-- \/ Yoast SEO plugin. -->","yoast_head_json":{"title":"Aroma de marca de Marta Royo a Girona amb Marcela Topor i Txell Costa","description":"El llibre Aroma de marca de Marta Royo Espinet, arriba a Girona presentat per la Marcela Topor i Txell Costa. Tres grans dones, tres grans professionals.","robots":{"index":"index","follow":"follow","max-snippet":"max-snippet:-1","max-image-preview":"max-image-preview:large","max-video-preview":"max-video-preview:-1"},"canonical":"https:\/\/mosaiking.com\/es\/aroma-de-marca-de-marta-royo-a-girona-amb-marcela-topor-i-txell-costa\/","og_locale":"es_ES","og_type":"article","og_title":"Aroma de marca de Marta Royo a Girona amb Marcela Topor i Txell Costa","og_description":"El llibre Aroma de marca de Marta Royo Espinet, arriba a Girona presentat per la Marcela Topor i Txell Costa. Tres grans dones, tres grans professionals.","og_url":"https:\/\/mosaiking.com\/es\/aroma-de-marca-de-marta-royo-a-girona-amb-marcela-topor-i-txell-costa\/","og_site_name":"Mosaiking","article_published_time":"2018-12-03T10:53:50+00:00","og_image":[{"width":1200,"height":719,"url":"https:\/\/mosaiking.com\/wp-content\/uploads\/2018\/12\/30nov2018_Girona_Aromademarca.jpg","type":"image\/jpeg"}],"author":"Mosaiking","twitter_card":"summary_large_image","twitter_misc":{"Escrito por":"Mosaiking","Tiempo de lectura":"3 minutos"},"schema":{"@context":"https:\/\/schema.org","@graph":[{"@type":"Article","@id":"https:\/\/mosaiking.com\/es\/aroma-de-marca-de-marta-royo-a-girona-amb-marcela-topor-i-txell-costa\/#article","isPartOf":{"@id":"https:\/\/mosaiking.com\/es\/aroma-de-marca-de-marta-royo-a-girona-amb-marcela-topor-i-txell-costa\/"},"author":{"name":"Mosaiking","@id":"https:\/\/mosaiking.com\/es\/#\/schema\/person\/82ca1cf5e82902eee8857e4ad13902f1"},"headline":"Girona t\u00e9 una aroma que enamora","datePublished":"2018-12-03T10:53:50+00:00","mainEntityOfPage":{"@id":"https:\/\/mosaiking.com\/es\/aroma-de-marca-de-marta-royo-a-girona-amb-marcela-topor-i-txell-costa\/"},"wordCount":672,"image":{"@id":"https:\/\/mosaiking.com\/es\/aroma-de-marca-de-marta-royo-a-girona-amb-marcela-topor-i-txell-costa\/#primaryimage"},"thumbnailUrl":"https:\/\/mosaiking.com\/wp-content\/uploads\/2018\/12\/30nov2018_Girona_Aromademarca.jpg","keywords":["aroma de marca","emprenedoria","empresa","girona","marca","marcela topor","periodisme girona","publicitat","txell costa"],"articleSection":["General","Mitjans de Comunicaci\u00f3"],"inLanguage":"es"},{"@type":"WebPage","@id":"https:\/\/mosaiking.com\/es\/aroma-de-marca-de-marta-royo-a-girona-amb-marcela-topor-i-txell-costa\/","url":"https:\/\/mosaiking.com\/es\/aroma-de-marca-de-marta-royo-a-girona-amb-marcela-topor-i-txell-costa\/","name":"Aroma de marca de Marta Royo a Girona amb Marcela Topor i Txell Costa","isPartOf":{"@id":"https:\/\/mosaiking.com\/es\/#website"},"primaryImageOfPage":{"@id":"https:\/\/mosaiking.com\/es\/aroma-de-marca-de-marta-royo-a-girona-amb-marcela-topor-i-txell-costa\/#primaryimage"},"image":{"@id":"https:\/\/mosaiking.com\/es\/aroma-de-marca-de-marta-royo-a-girona-amb-marcela-topor-i-txell-costa\/#primaryimage"},"thumbnailUrl":"https:\/\/mosaiking.com\/wp-content\/uploads\/2018\/12\/30nov2018_Girona_Aromademarca.jpg","datePublished":"2018-12-03T10:53:50+00:00","author":{"@id":"https:\/\/mosaiking.com\/es\/#\/schema\/person\/82ca1cf5e82902eee8857e4ad13902f1"},"description":"El llibre Aroma de marca de Marta Royo Espinet, arriba a Girona presentat per la Marcela Topor i Txell Costa. Tres grans dones, tres grans professionals.","breadcrumb":{"@id":"https:\/\/mosaiking.com\/es\/aroma-de-marca-de-marta-royo-a-girona-amb-marcela-topor-i-txell-costa\/#breadcrumb"},"inLanguage":"es","potentialAction":[{"@type":"ReadAction","target":["https:\/\/mosaiking.com\/es\/aroma-de-marca-de-marta-royo-a-girona-amb-marcela-topor-i-txell-costa\/"]}]},{"@type":"ImageObject","inLanguage":"es","@id":"https:\/\/mosaiking.com\/es\/aroma-de-marca-de-marta-royo-a-girona-amb-marcela-topor-i-txell-costa\/#primaryimage","url":"https:\/\/mosaiking.com\/wp-content\/uploads\/2018\/12\/30nov2018_Girona_Aromademarca.jpg","contentUrl":"https:\/\/mosaiking.com\/wp-content\/uploads\/2018\/12\/30nov2018_Girona_Aromademarca.jpg","width":1200,"height":719,"caption":"Mosaiking Comunicaci\u00f3 | Consultor\u00eda de publicidad"},{"@type":"BreadcrumbList","@id":"https:\/\/mosaiking.com\/es\/aroma-de-marca-de-marta-royo-a-girona-amb-marcela-topor-i-txell-costa\/#breadcrumb","itemListElement":[{"@type":"ListItem","position":1,"name":"Portada","item":"https:\/\/mosaiking.com\/es\/mosaiking-pasion-por-las-marcas\/"},{"@type":"ListItem","position":2,"name":"Girona t\u00e9 una aroma que enamora"}]},{"@type":"WebSite","@id":"https:\/\/mosaiking.com\/es\/#website","url":"https:\/\/mosaiking.com\/es\/","name":"Mosaiking","description":"Passi\u00f3 per la teva marca","potentialAction":[{"@type":"SearchAction","target":{"@type":"EntryPoint","urlTemplate":"https:\/\/mosaiking.com\/es\/?s={search_term_string}"},"query-input":{"@type":"PropertyValueSpecification","valueRequired":true,"valueName":"search_term_string"}}],"inLanguage":"es"},{"@type":"Person","@id":"https:\/\/mosaiking.com\/es\/#\/schema\/person\/82ca1cf5e82902eee8857e4ad13902f1","name":"Mosaiking","image":{"@type":"ImageObject","inLanguage":"es","@id":"https:\/\/secure.gravatar.com\/avatar\/c7ea4bff8764dce161f8b55c91d0d751213c47808c77d9da68dae2b5e4fed52b?s=96&d=mm&r=g","url":"https:\/\/secure.gravatar.com\/avatar\/c7ea4bff8764dce161f8b55c91d0d751213c47808c77d9da68dae2b5e4fed52b?s=96&d=mm&r=g","contentUrl":"https:\/\/secure.gravatar.com\/avatar\/c7ea4bff8764dce161f8b55c91d0d751213c47808c77d9da68dae2b5e4fed52b?s=96&d=mm&r=g","caption":"Mosaiking"},"sameAs":["https:\/\/mosaiking.com"]}]}},"_links":{"self":[{"href":"https:\/\/mosaiking.com\/es\/wp-json\/wp\/v2\/posts\/1994","targetHints":{"allow":["GET"]}}],"collection":[{"href":"https:\/\/mosaiking.com\/es\/wp-json\/wp\/v2\/posts"}],"about":[{"href":"https:\/\/mosaiking.com\/es\/wp-json\/wp\/v2\/types\/post"}],"author":[{"embeddable":true,"href":"https:\/\/mosaiking.com\/es\/wp-json\/wp\/v2\/users\/1"}],"replies":[{"embeddable":true,"href":"https:\/\/mosaiking.com\/es\/wp-json\/wp\/v2\/comments?post=1994"}],"version-history":[{"count":0,"href":"https:\/\/mosaiking.com\/es\/wp-json\/wp\/v2\/posts\/1994\/revisions"}],"wp:featuredmedia":[{"embeddable":true,"href":"https:\/\/mosaiking.com\/es\/wp-json\/wp\/v2\/media\/1998"}],"wp:attachment":[{"href":"https:\/\/mosaiking.com\/es\/wp-json\/wp\/v2\/media?parent=1994"}],"wp:term":[{"taxonomy":"category","embeddable":true,"href":"https:\/\/mosaiking.com\/es\/wp-json\/wp\/v2\/categories?post=1994"},{"taxonomy":"post_tag","embeddable":true,"href":"https:\/\/mosaiking.com\/es\/wp-json\/wp\/v2\/tags?post=1994"}],"curies":[{"name":"wp","href":"https:\/\/api.w.org\/{rel}","templated":true}]}}