{"id":2271,"date":"2019-02-21T18:39:02","date_gmt":"2019-02-21T18:39:02","guid":{"rendered":"http:\/\/www.mosaiking.com\/?p=2271"},"modified":"2019-02-21T18:39:02","modified_gmt":"2019-02-21T18:39:02","slug":"anem-de-bolos","status":"publish","type":"post","link":"https:\/\/mosaiking.com\/es\/anem-de-bolos\/","title":{"rendered":"Anem de bolos"},"content":{"rendered":"<h3><span style=\"color: #ff00ff;\"><strong>M\u2019acompanyeu en algun dels meus <em>bolos<\/em>?<\/strong><\/span><\/h3>\n<p>&nbsp;<\/p>\n<p>Tranquils, que no caldr\u00e0 que em porteu cap maleta ni cap instrument, ni haureu de fer proves de so\u2026 No canto, de fet no canto ni a la dutxa. O s\u00ed&#8230;<br \/>\nJa sabreu que he escrit el meu primer llibre, <a href=\"https:\/\/www.mosaiking.com\/llibre-aroma-de-marca\/\" target=\"_blank\" rel=\"noopener noreferrer\"><em>A<\/em><\/a><em><a href=\"https:\/\/www.mosaiking.com\/llibre-aroma-de-marca\/\" target=\"_blank\" rel=\"noopener noreferrer\">roma de Marca<\/a><\/em><a href=\"https:\/\/www.mosaiking.com\/llibre-aroma-de-marca\/\">, <\/a>on parlo del que conec i alhora m\u2019apassiona: de marques, de publicitat i de comunicaci\u00f3. El llibre gira a l\u2019entorn de la diferenciaci\u00f3, que \u00e9s, sens dubte, la base per tenir una bona marca i triomfar dins d\u2019un mercat. Vol ajudar a crear una (bona) marca i a difondre-la, i ho fa a partir d\u2019hist\u00f2ries reals o exemples pr\u00e0ctics que han funcionat, i altres en els quals he treballat professionalment amb \u00e8xit.<\/p>\n<p>Despr\u00e9s de les presentacions dels primers mesos del llan\u00e7ament, comen\u00e7a la gira de 2019. Si m\u2019acompanyeu i pugeu a la <em>furgo<\/em>, la primera aturada ser\u00e0 la llibreria <strong>A peu de p\u00e0gina de Major de Sarri\u00e0 (Barcelona), dijous 28 de febrer a 2\/4 de 8 del vespre.<\/strong>Farem tert\u00falia per als qui hagin llegit el llibre: comentarem si us ha agradat, si us ha inspirat, si us ha generat dubtes, si us hi heu sentit reflectits\u2026 En parlarem acompanyats per unes cerveses de <strong>La Brava<\/strong>, que col\u00b7labora en aquesta <em>tourn\u00e9<\/em>.<\/p>\n<p>L\u2019altra setmana, dimecres <strong>6 de mar\u00e7, ens aturarem per sopar al Restaurant Semproniana a 2\/4 de 9 del vespre<\/strong>, i davant les aromes de l\u2019Ada Parellada assaborirem un <em>Sopar de Marca<\/em>, perqu\u00e8 les marques com la paella o un simple pollastre a la planxa s\u2019han d\u2019amanyagar i cuidar.<\/p>\n<p>No baixeu encara de la <em>furgo<\/em>! <strong>El 14 de mar\u00e7 presentar\u00e9 les meves experi\u00e8ncies explicades en el llibre. Ens acompanyar\u00e0 la periodista Carme Rocamora a la llibreria Ona\u00a0<\/strong><strong>de Gran de Gr\u00e0cia (Barcelona), a les 7 del vespre,<\/strong>i, com diu en Jordi Margarit, que \u00e9s qui signa el pr\u00f2leg del llibre: \u201cEls exemples que ens dona son trets de la vida real i d\u2019experi\u00e8ncies personals. Aix\u00f2 vol dir que no ens enganya, no diu mentides, i aquesta \u00e9s una de les certeses que no sempre tenim quan veiem o escoltem publicitat\u201d.<br \/>\nSi m\u2019hi acompanyeu, ho podreu comprovar.<\/p>\n<p>I&#8230; no baixeu de la <em>furgo<\/em>, perqu\u00e8 si tot va com ha d\u2019anar, seguirem fent viatge, al maig, cam\u00ed cap al sud, a la llibreria <strong>La Capona\u00a0<\/strong>(Tarragona).<\/p>\n<h4><strong>Ja ho veieu, seguim escampant <em>l&#8217;Aroma de marca <\/em>pel nostre petit gran pa\u00eds. <\/strong><\/h4>\n<h4><strong>Si vols descarregar-te el primer cap\u00edtol, <\/strong><span style=\"color: #ff00ff;\"><strong><a style=\"color: #ff00ff;\" href=\"https:\/\/mosaiking.us9.list-manage.com\/track\/click?u=7755a1373679b516f960f5f3a&amp;id=a01c5f4431&amp;e=64da0e2519\" target=\"_blank\" rel=\"noopener noreferrer\">clica aqu\u00ed!<\/a><\/strong><\/span><\/h4>\n<p>&nbsp;<\/p>\n","protected":false},"excerpt":{"rendered":"<p>M\u2019acompanyeu en algun dels meus bolos? &nbsp; Tranquils, que no caldr\u00e0 que em porteu cap maleta ni cap instrument, ni haureu de fer proves de so\u2026 No canto, de fet no canto ni a la dutxa. O s\u00ed&#8230; Ja sabreu que he escrit el meu primer llibre, Aroma de Marca, on parlo del que conec [&hellip;]<\/p>\n","protected":false},"author":1,"featured_media":2274,"comment_status":"closed","ping_status":"open","sticky":false,"template":"","format":"standard","meta":{"ocean_post_layout":"","ocean_both_sidebars_style":"","ocean_both_sidebars_content_width":0,"ocean_both_sidebars_sidebars_width":0,"ocean_sidebar":"","ocean_second_sidebar":"","ocean_disable_margins":"enable","ocean_add_body_class":"","ocean_shortcode_before_top_bar":"","ocean_shortcode_after_top_bar":"","ocean_shortcode_before_header":"","ocean_shortcode_after_header":"","ocean_has_shortcode":"","ocean_shortcode_after_title":"","ocean_shortcode_before_footer_widgets":"","ocean_shortcode_after_footer_widgets":"","ocean_shortcode_before_footer_bottom":"","ocean_shortcode_after_footer_bottom":"","ocean_display_top_bar":"default","ocean_display_header":"default","ocean_header_style":"","ocean_center_header_left_menu":"","ocean_custom_header_template":"","ocean_custom_logo":0,"ocean_custom_retina_logo":0,"ocean_custom_logo_max_width":0,"ocean_custom_logo_tablet_max_width":0,"ocean_custom_logo_mobile_max_width":0,"ocean_custom_logo_max_height":0,"ocean_custom_logo_tablet_max_height":0,"ocean_custom_logo_mobile_max_height":0,"ocean_header_custom_menu":"","ocean_menu_typo_font_family":"","ocean_menu_typo_font_subset":"","ocean_menu_typo_font_size":0,"ocean_menu_typo_font_size_tablet":0,"ocean_menu_typo_font_size_mobile":0,"ocean_menu_typo_font_size_unit":"px","ocean_menu_typo_font_weight":"","ocean_menu_typo_font_weight_tablet":"","ocean_menu_typo_font_weight_mobile":"","ocean_menu_typo_transform":"","ocean_menu_typo_transform_tablet":"","ocean_menu_typo_transform_mobile":"","ocean_menu_typo_line_height":0,"ocean_menu_typo_line_height_tablet":0,"ocean_menu_typo_line_height_mobile":0,"ocean_menu_typo_line_height_unit":"","ocean_menu_typo_spacing":0,"ocean_menu_typo_spacing_tablet":0,"ocean_menu_typo_spacing_mobile":0,"ocean_menu_typo_spacing_unit":"","ocean_menu_link_color":"","ocean_menu_link_color_hover":"","ocean_menu_link_color_active":"","ocean_menu_link_background":"","ocean_menu_link_hover_background":"","ocean_menu_link_active_background":"","ocean_menu_social_links_bg":"","ocean_menu_social_hover_links_bg":"","ocean_menu_social_links_color":"","ocean_menu_social_hover_links_color":"","ocean_disable_title":"default","ocean_disable_heading":"default","ocean_post_title":"","ocean_post_subheading":"","ocean_post_title_style":"","ocean_post_title_background_color":"","ocean_post_title_background":0,"ocean_post_title_bg_image_position":"","ocean_post_title_bg_image_attachment":"","ocean_post_title_bg_image_repeat":"","ocean_post_title_bg_image_size":"","ocean_post_title_height":0,"ocean_post_title_bg_overlay":0.5,"ocean_post_title_bg_overlay_color":"","ocean_disable_breadcrumbs":"default","ocean_breadcrumbs_color":"","ocean_breadcrumbs_separator_color":"","ocean_breadcrumbs_links_color":"","ocean_breadcrumbs_links_hover_color":"","ocean_display_footer_widgets":"default","ocean_display_footer_bottom":"default","ocean_custom_footer_template":"","_joinchat":[],"ocean_post_oembed":"","ocean_post_self_hosted_media":"","ocean_post_video_embed":"","ocean_link_format":"","ocean_link_format_target":"self","ocean_quote_format":"","ocean_quote_format_link":"post","ocean_gallery_link_images":"on","ocean_gallery_id":[],"footnotes":""},"categories":[15],"tags":[16,17,60],"class_list":["post-2271","post","type-post","status-publish","format-standard","has-post-thumbnail","hentry","category-mitjans-de-comunicacio","tag-branding","tag-comunicacio","tag-mosaiking-comunicaicio","entry","has-media"],"yoast_head":"<!-- This site is optimized with the Yoast SEO plugin v27.5 - https:\/\/yoast.com\/product\/yoast-seo-wordpress\/ -->\n<title>Anem de bolos - Mosaiking<\/title>\n<meta name=\"robots\" content=\"index, follow, max-snippet:-1, max-image-preview:large, max-video-preview:-1\" \/>\n<link rel=\"canonical\" href=\"https:\/\/mosaiking.com\/es\/anem-de-bolos\/\" \/>\n<meta property=\"og:locale\" content=\"es_ES\" \/>\n<meta property=\"og:type\" content=\"article\" \/>\n<meta property=\"og:title\" content=\"Anem de bolos - Mosaiking\" \/>\n<meta property=\"og:description\" content=\"M\u2019acompanyeu en algun dels meus bolos? &nbsp; Tranquils, que no caldr\u00e0 que em porteu cap maleta ni cap instrument, ni haureu de fer proves de so\u2026 No canto, de fet no canto ni a la dutxa. O s\u00ed&#8230; Ja sabreu que he escrit el meu primer llibre, Aroma de Marca, on parlo del que conec [&hellip;]\" \/>\n<meta property=\"og:url\" content=\"https:\/\/mosaiking.com\/es\/anem-de-bolos\/\" \/>\n<meta property=\"og:site_name\" content=\"Mosaiking\" \/>\n<meta property=\"article:published_time\" content=\"2019-02-21T18:39:02+00:00\" \/>\n<meta property=\"og:image\" content=\"https:\/\/mosaiking.com\/wp-content\/uploads\/2019\/02\/Mailchimp_Aromademarca__2_Feb2019_Cris.jpg\" \/>\n\t<meta property=\"og:image:width\" content=\"2048\" \/>\n\t<meta property=\"og:image:height\" content=\"1275\" \/>\n\t<meta property=\"og:image:type\" content=\"image\/jpeg\" \/>\n<meta name=\"author\" content=\"Mosaiking\" \/>\n<meta name=\"twitter:card\" content=\"summary_large_image\" \/>\n<meta name=\"twitter:label1\" content=\"Escrito por\" \/>\n\t<meta name=\"twitter:data1\" content=\"Mosaiking\" \/>\n\t<meta name=\"twitter:label2\" content=\"Tiempo de lectura\" \/>\n\t<meta name=\"twitter:data2\" content=\"2 minutos\" \/>\n<script type=\"application\/ld+json\" class=\"yoast-schema-graph\">{\"@context\":\"https:\\\/\\\/schema.org\",\"@graph\":[{\"@type\":\"Article\",\"@id\":\"https:\\\/\\\/mosaiking.com\\\/es\\\/anem-de-bolos\\\/#article\",\"isPartOf\":{\"@id\":\"https:\\\/\\\/mosaiking.com\\\/es\\\/anem-de-bolos\\\/\"},\"author\":{\"name\":\"Mosaiking\",\"@id\":\"https:\\\/\\\/mosaiking.com\\\/es\\\/#\\\/schema\\\/person\\\/82ca1cf5e82902eee8857e4ad13902f1\"},\"headline\":\"Anem de bolos\",\"datePublished\":\"2019-02-21T18:39:02+00:00\",\"mainEntityOfPage\":{\"@id\":\"https:\\\/\\\/mosaiking.com\\\/es\\\/anem-de-bolos\\\/\"},\"wordCount\":430,\"image\":{\"@id\":\"https:\\\/\\\/mosaiking.com\\\/es\\\/anem-de-bolos\\\/#primaryimage\"},\"thumbnailUrl\":\"https:\\\/\\\/mosaiking.com\\\/wp-content\\\/uploads\\\/2019\\\/02\\\/Mailchimp_Aromademarca__2_Feb2019_Cris.jpg\",\"keywords\":[\"branding\",\"comunicaci\u00f3\",\"Mosaiking Comunicaici\u00f3\"],\"articleSection\":[\"Mitjans de Comunicaci\u00f3\"],\"inLanguage\":\"es\"},{\"@type\":\"WebPage\",\"@id\":\"https:\\\/\\\/mosaiking.com\\\/es\\\/anem-de-bolos\\\/\",\"url\":\"https:\\\/\\\/mosaiking.com\\\/es\\\/anem-de-bolos\\\/\",\"name\":\"Anem de bolos - Mosaiking\",\"isPartOf\":{\"@id\":\"https:\\\/\\\/mosaiking.com\\\/es\\\/#website\"},\"primaryImageOfPage\":{\"@id\":\"https:\\\/\\\/mosaiking.com\\\/es\\\/anem-de-bolos\\\/#primaryimage\"},\"image\":{\"@id\":\"https:\\\/\\\/mosaiking.com\\\/es\\\/anem-de-bolos\\\/#primaryimage\"},\"thumbnailUrl\":\"https:\\\/\\\/mosaiking.com\\\/wp-content\\\/uploads\\\/2019\\\/02\\\/Mailchimp_Aromademarca__2_Feb2019_Cris.jpg\",\"datePublished\":\"2019-02-21T18:39:02+00:00\",\"author\":{\"@id\":\"https:\\\/\\\/mosaiking.com\\\/es\\\/#\\\/schema\\\/person\\\/82ca1cf5e82902eee8857e4ad13902f1\"},\"breadcrumb\":{\"@id\":\"https:\\\/\\\/mosaiking.com\\\/es\\\/anem-de-bolos\\\/#breadcrumb\"},\"inLanguage\":\"es\",\"potentialAction\":[{\"@type\":\"ReadAction\",\"target\":[\"https:\\\/\\\/mosaiking.com\\\/es\\\/anem-de-bolos\\\/\"]}]},{\"@type\":\"ImageObject\",\"inLanguage\":\"es\",\"@id\":\"https:\\\/\\\/mosaiking.com\\\/es\\\/anem-de-bolos\\\/#primaryimage\",\"url\":\"https:\\\/\\\/mosaiking.com\\\/wp-content\\\/uploads\\\/2019\\\/02\\\/Mailchimp_Aromademarca__2_Feb2019_Cris.jpg\",\"contentUrl\":\"https:\\\/\\\/mosaiking.com\\\/wp-content\\\/uploads\\\/2019\\\/02\\\/Mailchimp_Aromademarca__2_Feb2019_Cris.jpg\",\"width\":2048,\"height\":1275},{\"@type\":\"BreadcrumbList\",\"@id\":\"https:\\\/\\\/mosaiking.com\\\/es\\\/anem-de-bolos\\\/#breadcrumb\",\"itemListElement\":[{\"@type\":\"ListItem\",\"position\":1,\"name\":\"Portada\",\"item\":\"https:\\\/\\\/mosaiking.com\\\/es\\\/mosaiking-pasion-por-las-marcas\\\/\"},{\"@type\":\"ListItem\",\"position\":2,\"name\":\"Anem de bolos\"}]},{\"@type\":\"WebSite\",\"@id\":\"https:\\\/\\\/mosaiking.com\\\/es\\\/#website\",\"url\":\"https:\\\/\\\/mosaiking.com\\\/es\\\/\",\"name\":\"Mosaiking\",\"description\":\"Passi\u00f3 per la teva marca\",\"potentialAction\":[{\"@type\":\"SearchAction\",\"target\":{\"@type\":\"EntryPoint\",\"urlTemplate\":\"https:\\\/\\\/mosaiking.com\\\/es\\\/?s={search_term_string}\"},\"query-input\":{\"@type\":\"PropertyValueSpecification\",\"valueRequired\":true,\"valueName\":\"search_term_string\"}}],\"inLanguage\":\"es\"},{\"@type\":\"Person\",\"@id\":\"https:\\\/\\\/mosaiking.com\\\/es\\\/#\\\/schema\\\/person\\\/82ca1cf5e82902eee8857e4ad13902f1\",\"name\":\"Mosaiking\",\"image\":{\"@type\":\"ImageObject\",\"inLanguage\":\"es\",\"@id\":\"https:\\\/\\\/secure.gravatar.com\\\/avatar\\\/c7ea4bff8764dce161f8b55c91d0d751213c47808c77d9da68dae2b5e4fed52b?s=96&d=mm&r=g\",\"url\":\"https:\\\/\\\/secure.gravatar.com\\\/avatar\\\/c7ea4bff8764dce161f8b55c91d0d751213c47808c77d9da68dae2b5e4fed52b?s=96&d=mm&r=g\",\"contentUrl\":\"https:\\\/\\\/secure.gravatar.com\\\/avatar\\\/c7ea4bff8764dce161f8b55c91d0d751213c47808c77d9da68dae2b5e4fed52b?s=96&d=mm&r=g\",\"caption\":\"Mosaiking\"},\"sameAs\":[\"https:\\\/\\\/mosaiking.com\"]}]}<\/script>\n<!-- \/ Yoast SEO plugin. -->","yoast_head_json":{"title":"Anem de bolos - Mosaiking","robots":{"index":"index","follow":"follow","max-snippet":"max-snippet:-1","max-image-preview":"max-image-preview:large","max-video-preview":"max-video-preview:-1"},"canonical":"https:\/\/mosaiking.com\/es\/anem-de-bolos\/","og_locale":"es_ES","og_type":"article","og_title":"Anem de bolos - Mosaiking","og_description":"M\u2019acompanyeu en algun dels meus bolos? &nbsp; Tranquils, que no caldr\u00e0 que em porteu cap maleta ni cap instrument, ni haureu de fer proves de so\u2026 No canto, de fet no canto ni a la dutxa. O s\u00ed&#8230; Ja sabreu que he escrit el meu primer llibre, Aroma de Marca, on parlo del que conec [&hellip;]","og_url":"https:\/\/mosaiking.com\/es\/anem-de-bolos\/","og_site_name":"Mosaiking","article_published_time":"2019-02-21T18:39:02+00:00","og_image":[{"width":2048,"height":1275,"url":"https:\/\/mosaiking.com\/wp-content\/uploads\/2019\/02\/Mailchimp_Aromademarca__2_Feb2019_Cris.jpg","type":"image\/jpeg"}],"author":"Mosaiking","twitter_card":"summary_large_image","twitter_misc":{"Escrito por":"Mosaiking","Tiempo de lectura":"2 minutos"},"schema":{"@context":"https:\/\/schema.org","@graph":[{"@type":"Article","@id":"https:\/\/mosaiking.com\/es\/anem-de-bolos\/#article","isPartOf":{"@id":"https:\/\/mosaiking.com\/es\/anem-de-bolos\/"},"author":{"name":"Mosaiking","@id":"https:\/\/mosaiking.com\/es\/#\/schema\/person\/82ca1cf5e82902eee8857e4ad13902f1"},"headline":"Anem de bolos","datePublished":"2019-02-21T18:39:02+00:00","mainEntityOfPage":{"@id":"https:\/\/mosaiking.com\/es\/anem-de-bolos\/"},"wordCount":430,"image":{"@id":"https:\/\/mosaiking.com\/es\/anem-de-bolos\/#primaryimage"},"thumbnailUrl":"https:\/\/mosaiking.com\/wp-content\/uploads\/2019\/02\/Mailchimp_Aromademarca__2_Feb2019_Cris.jpg","keywords":["branding","comunicaci\u00f3","Mosaiking Comunicaici\u00f3"],"articleSection":["Mitjans de Comunicaci\u00f3"],"inLanguage":"es"},{"@type":"WebPage","@id":"https:\/\/mosaiking.com\/es\/anem-de-bolos\/","url":"https:\/\/mosaiking.com\/es\/anem-de-bolos\/","name":"Anem de bolos - Mosaiking","isPartOf":{"@id":"https:\/\/mosaiking.com\/es\/#website"},"primaryImageOfPage":{"@id":"https:\/\/mosaiking.com\/es\/anem-de-bolos\/#primaryimage"},"image":{"@id":"https:\/\/mosaiking.com\/es\/anem-de-bolos\/#primaryimage"},"thumbnailUrl":"https:\/\/mosaiking.com\/wp-content\/uploads\/2019\/02\/Mailchimp_Aromademarca__2_Feb2019_Cris.jpg","datePublished":"2019-02-21T18:39:02+00:00","author":{"@id":"https:\/\/mosaiking.com\/es\/#\/schema\/person\/82ca1cf5e82902eee8857e4ad13902f1"},"breadcrumb":{"@id":"https:\/\/mosaiking.com\/es\/anem-de-bolos\/#breadcrumb"},"inLanguage":"es","potentialAction":[{"@type":"ReadAction","target":["https:\/\/mosaiking.com\/es\/anem-de-bolos\/"]}]},{"@type":"ImageObject","inLanguage":"es","@id":"https:\/\/mosaiking.com\/es\/anem-de-bolos\/#primaryimage","url":"https:\/\/mosaiking.com\/wp-content\/uploads\/2019\/02\/Mailchimp_Aromademarca__2_Feb2019_Cris.jpg","contentUrl":"https:\/\/mosaiking.com\/wp-content\/uploads\/2019\/02\/Mailchimp_Aromademarca__2_Feb2019_Cris.jpg","width":2048,"height":1275},{"@type":"BreadcrumbList","@id":"https:\/\/mosaiking.com\/es\/anem-de-bolos\/#breadcrumb","itemListElement":[{"@type":"ListItem","position":1,"name":"Portada","item":"https:\/\/mosaiking.com\/es\/mosaiking-pasion-por-las-marcas\/"},{"@type":"ListItem","position":2,"name":"Anem de bolos"}]},{"@type":"WebSite","@id":"https:\/\/mosaiking.com\/es\/#website","url":"https:\/\/mosaiking.com\/es\/","name":"Mosaiking","description":"Passi\u00f3 per la teva marca","potentialAction":[{"@type":"SearchAction","target":{"@type":"EntryPoint","urlTemplate":"https:\/\/mosaiking.com\/es\/?s={search_term_string}"},"query-input":{"@type":"PropertyValueSpecification","valueRequired":true,"valueName":"search_term_string"}}],"inLanguage":"es"},{"@type":"Person","@id":"https:\/\/mosaiking.com\/es\/#\/schema\/person\/82ca1cf5e82902eee8857e4ad13902f1","name":"Mosaiking","image":{"@type":"ImageObject","inLanguage":"es","@id":"https:\/\/secure.gravatar.com\/avatar\/c7ea4bff8764dce161f8b55c91d0d751213c47808c77d9da68dae2b5e4fed52b?s=96&d=mm&r=g","url":"https:\/\/secure.gravatar.com\/avatar\/c7ea4bff8764dce161f8b55c91d0d751213c47808c77d9da68dae2b5e4fed52b?s=96&d=mm&r=g","contentUrl":"https:\/\/secure.gravatar.com\/avatar\/c7ea4bff8764dce161f8b55c91d0d751213c47808c77d9da68dae2b5e4fed52b?s=96&d=mm&r=g","caption":"Mosaiking"},"sameAs":["https:\/\/mosaiking.com"]}]}},"_links":{"self":[{"href":"https:\/\/mosaiking.com\/es\/wp-json\/wp\/v2\/posts\/2271","targetHints":{"allow":["GET"]}}],"collection":[{"href":"https:\/\/mosaiking.com\/es\/wp-json\/wp\/v2\/posts"}],"about":[{"href":"https:\/\/mosaiking.com\/es\/wp-json\/wp\/v2\/types\/post"}],"author":[{"embeddable":true,"href":"https:\/\/mosaiking.com\/es\/wp-json\/wp\/v2\/users\/1"}],"replies":[{"embeddable":true,"href":"https:\/\/mosaiking.com\/es\/wp-json\/wp\/v2\/comments?post=2271"}],"version-history":[{"count":0,"href":"https:\/\/mosaiking.com\/es\/wp-json\/wp\/v2\/posts\/2271\/revisions"}],"wp:featuredmedia":[{"embeddable":true,"href":"https:\/\/mosaiking.com\/es\/wp-json\/wp\/v2\/media\/2274"}],"wp:attachment":[{"href":"https:\/\/mosaiking.com\/es\/wp-json\/wp\/v2\/media?parent=2271"}],"wp:term":[{"taxonomy":"category","embeddable":true,"href":"https:\/\/mosaiking.com\/es\/wp-json\/wp\/v2\/categories?post=2271"},{"taxonomy":"post_tag","embeddable":true,"href":"https:\/\/mosaiking.com\/es\/wp-json\/wp\/v2\/tags?post=2271"}],"curies":[{"name":"wp","href":"https:\/\/api.w.org\/{rel}","templated":true}]}}