{"id":2295,"date":"2019-03-07T10:29:51","date_gmt":"2019-03-07T10:29:51","guid":{"rendered":"https:\/\/www.mosaiking.com\/?p=2295"},"modified":"2019-03-07T10:29:51","modified_gmt":"2019-03-07T10:29:51","slug":"que-el-dia-de-la-dona-sigui-tot-lany","status":"publish","type":"post","link":"https:\/\/mosaiking.com\/es\/que-el-dia-de-la-dona-sigui-tot-lany\/","title":{"rendered":"Que el dia de la dona sigui tot l&#8217;any"},"content":{"rendered":"<p><strong>S\u00f3c una dona, i n&#8217;estic ben contenta.<\/strong><\/p>\n<p>S\u00f3c filla, i n&#8217;estic ben contenta. Des de 1970<br \/>\nS\u00f3c mare i n&#8217;estic ben contenta. Des de 1999<br \/>\nS\u00f3c una dona casada, i n&#8217;estic ben contenta. Des de 2003<br \/>\nS\u00f3c treballadora, i n&#8217;estic ben contenta. Des de 1994<br \/>\nS\u00f3c empres\u00e0ria, i n&#8217;estic ben contenta. Des de 2011<br \/>\nS\u00f3c escriptora novell, i n&#8217;estic ben contenta. Des de 2018<\/p>\n<p>S\u00f3c una dona que intenta ser bona persona, bona filla, bona mare, bona muller, bona amiga, bona treballadora, bona empres\u00e0ria, bona escriptora\u2026<\/p>\n<p><strong>Avui i sempre ser dona ens ha de convertir a ser bones i millors persones.<\/strong><\/p>\n<p>Com deia Maria Aur\u00e8lia Campany, s\u00f3c una dona i n&#8217;estic ben contenta. Amb el seu perm\u00eds all\u00e0 on sigui, afegeixo, avui i tot l\u2019any.<strong><a href=\"http:\/\/www.musicadepoetes.cat\/mdpAdmin\/media\/830-socunadona.pdf\" data-cke-saved-href=\"http:\/\/www.musicadepoetes.cat\/mdpAdmin\/media\/830-socunadona.pdf\">\u00a0 <em>Aqu\u00ed us deixo el seu poema sencer.<\/em><\/a><\/strong><\/p>\n<p><strong>Dones i homes, feli\u00e7 dia de la dona!<\/strong><\/p>\n","protected":false},"excerpt":{"rendered":"<p>S\u00f3c una dona, i n&#8217;estic ben contenta. S\u00f3c filla, i n&#8217;estic ben contenta. Des de 1970 S\u00f3c mare i n&#8217;estic ben contenta. Des de 1999 S\u00f3c una dona casada, i n&#8217;estic ben contenta. Des de 2003 S\u00f3c treballadora, i n&#8217;estic ben contenta. Des de 1994 S\u00f3c empres\u00e0ria, i n&#8217;estic ben contenta. Des de 2011 S\u00f3c [&hellip;]<\/p>\n","protected":false},"author":1,"featured_media":2296,"comment_status":"closed","ping_status":"open","sticky":false,"template":"","format":"standard","meta":{"ocean_post_layout":"","ocean_both_sidebars_style":"","ocean_both_sidebars_content_width":0,"ocean_both_sidebars_sidebars_width":0,"ocean_sidebar":"","ocean_second_sidebar":"","ocean_disable_margins":"enable","ocean_add_body_class":"","ocean_shortcode_before_top_bar":"","ocean_shortcode_after_top_bar":"","ocean_shortcode_before_header":"","ocean_shortcode_after_header":"","ocean_has_shortcode":"","ocean_shortcode_after_title":"","ocean_shortcode_before_footer_widgets":"","ocean_shortcode_after_footer_widgets":"","ocean_shortcode_before_footer_bottom":"","ocean_shortcode_after_footer_bottom":"","ocean_display_top_bar":"default","ocean_display_header":"default","ocean_header_style":"","ocean_center_header_left_menu":"","ocean_custom_header_template":"","ocean_custom_logo":0,"ocean_custom_retina_logo":0,"ocean_custom_logo_max_width":0,"ocean_custom_logo_tablet_max_width":0,"ocean_custom_logo_mobile_max_width":0,"ocean_custom_logo_max_height":0,"ocean_custom_logo_tablet_max_height":0,"ocean_custom_logo_mobile_max_height":0,"ocean_header_custom_menu":"","ocean_menu_typo_font_family":"","ocean_menu_typo_font_subset":"","ocean_menu_typo_font_size":0,"ocean_menu_typo_font_size_tablet":0,"ocean_menu_typo_font_size_mobile":0,"ocean_menu_typo_font_size_unit":"px","ocean_menu_typo_font_weight":"","ocean_menu_typo_font_weight_tablet":"","ocean_menu_typo_font_weight_mobile":"","ocean_menu_typo_transform":"","ocean_menu_typo_transform_tablet":"","ocean_menu_typo_transform_mobile":"","ocean_menu_typo_line_height":0,"ocean_menu_typo_line_height_tablet":0,"ocean_menu_typo_line_height_mobile":0,"ocean_menu_typo_line_height_unit":"","ocean_menu_typo_spacing":0,"ocean_menu_typo_spacing_tablet":0,"ocean_menu_typo_spacing_mobile":0,"ocean_menu_typo_spacing_unit":"","ocean_menu_link_color":"","ocean_menu_link_color_hover":"","ocean_menu_link_color_active":"","ocean_menu_link_background":"","ocean_menu_link_hover_background":"","ocean_menu_link_active_background":"","ocean_menu_social_links_bg":"","ocean_menu_social_hover_links_bg":"","ocean_menu_social_links_color":"","ocean_menu_social_hover_links_color":"","ocean_disable_title":"default","ocean_disable_heading":"default","ocean_post_title":"","ocean_post_subheading":"","ocean_post_title_style":"","ocean_post_title_background_color":"","ocean_post_title_background":0,"ocean_post_title_bg_image_position":"","ocean_post_title_bg_image_attachment":"","ocean_post_title_bg_image_repeat":"","ocean_post_title_bg_image_size":"","ocean_post_title_height":0,"ocean_post_title_bg_overlay":0.5,"ocean_post_title_bg_overlay_color":"","ocean_disable_breadcrumbs":"default","ocean_breadcrumbs_color":"","ocean_breadcrumbs_separator_color":"","ocean_breadcrumbs_links_color":"","ocean_breadcrumbs_links_hover_color":"","ocean_display_footer_widgets":"default","ocean_display_footer_bottom":"default","ocean_custom_footer_template":"","_joinchat":[],"ocean_post_oembed":"","ocean_post_self_hosted_media":"","ocean_post_video_embed":"","ocean_link_format":"","ocean_link_format_target":"self","ocean_quote_format":"","ocean_quote_format_link":"post","ocean_gallery_link_images":"on","ocean_gallery_id":[],"footnotes":""},"categories":[12],"tags":[38,16,65,63,19,20,21,64],"class_list":["post-2295","post","type-post","status-publish","format-standard","has-post-thumbnail","hentry","category-greneral","tag-aroma-de-marca","tag-branding","tag-dia-de-la-dona","tag-fairy","tag-marca","tag-mosaiking-comunicacio","tag-publicitat","tag-rac1","entry","has-media"],"yoast_head":"<!-- This site is optimized with the Yoast SEO plugin v27.5 - https:\/\/yoast.com\/product\/yoast-seo-wordpress\/ -->\n<title>Que el dia de la dona sigui tot l&#039;any. Mosaiking Comunicaci\u00f3.<\/title>\n<meta name=\"description\" content=\"S\u00f3c una dona, i n&#039;estic ben contenta. S\u00f3c filla, i n&#039;estic ben contenta. Des de 1970 S\u00f3c mare i n&#039;estic ben contenta. Des de 1999 S\u00f3c una dona casada, i Mosaiking Comunicaci\u00f3 es vesteix de lila tot l&#039;any. Que el dia de la dona sigui tot l&#039;any. Feli\u00e7 dia de la dona, homes i dones!\" \/>\n<meta name=\"robots\" content=\"index, follow, max-snippet:-1, max-image-preview:large, max-video-preview:-1\" \/>\n<link rel=\"canonical\" href=\"https:\/\/mosaiking.com\/es\/que-el-dia-de-la-dona-sigui-tot-lany\/\" \/>\n<meta property=\"og:locale\" content=\"es_ES\" \/>\n<meta property=\"og:type\" content=\"article\" \/>\n<meta property=\"og:title\" content=\"Que el dia de la dona sigui tot l&#039;any. Mosaiking Comunicaci\u00f3.\" \/>\n<meta property=\"og:description\" content=\"S\u00f3c una dona, i n&#039;estic ben contenta. S\u00f3c filla, i n&#039;estic ben contenta. Des de 1970 S\u00f3c mare i n&#039;estic ben contenta. Des de 1999 S\u00f3c una dona casada, i Mosaiking Comunicaci\u00f3 es vesteix de lila tot l&#039;any. Que el dia de la dona sigui tot l&#039;any. Feli\u00e7 dia de la dona, homes i dones!\" \/>\n<meta property=\"og:url\" content=\"https:\/\/mosaiking.com\/es\/que-el-dia-de-la-dona-sigui-tot-lany\/\" \/>\n<meta property=\"og:site_name\" content=\"Mosaiking\" \/>\n<meta property=\"article:published_time\" content=\"2019-03-07T10:29:51+00:00\" \/>\n<meta property=\"og:image\" content=\"https:\/\/mosaiking.com\/wp-content\/uploads\/2019\/03\/DiadelaDona_2019-copia.jpg\" \/>\n\t<meta property=\"og:image:width\" content=\"1200\" \/>\n\t<meta property=\"og:image:height\" content=\"1200\" \/>\n\t<meta property=\"og:image:type\" content=\"image\/jpeg\" \/>\n<meta name=\"author\" content=\"Mosaiking\" \/>\n<meta name=\"twitter:card\" content=\"summary_large_image\" \/>\n<meta name=\"twitter:label1\" content=\"Escrito por\" \/>\n\t<meta name=\"twitter:data1\" content=\"Mosaiking\" \/>\n\t<meta name=\"twitter:label2\" content=\"Tiempo de lectura\" \/>\n\t<meta name=\"twitter:data2\" content=\"1 minuto\" \/>\n<script type=\"application\/ld+json\" class=\"yoast-schema-graph\">{\"@context\":\"https:\\\/\\\/schema.org\",\"@graph\":[{\"@type\":\"Article\",\"@id\":\"https:\\\/\\\/mosaiking.com\\\/es\\\/que-el-dia-de-la-dona-sigui-tot-lany\\\/#article\",\"isPartOf\":{\"@id\":\"https:\\\/\\\/mosaiking.com\\\/es\\\/que-el-dia-de-la-dona-sigui-tot-lany\\\/\"},\"author\":{\"name\":\"Mosaiking\",\"@id\":\"https:\\\/\\\/mosaiking.com\\\/es\\\/#\\\/schema\\\/person\\\/82ca1cf5e82902eee8857e4ad13902f1\"},\"headline\":\"Que el dia de la dona sigui tot l&#8217;any\",\"datePublished\":\"2019-03-07T10:29:51+00:00\",\"mainEntityOfPage\":{\"@id\":\"https:\\\/\\\/mosaiking.com\\\/es\\\/que-el-dia-de-la-dona-sigui-tot-lany\\\/\"},\"wordCount\":166,\"image\":{\"@id\":\"https:\\\/\\\/mosaiking.com\\\/es\\\/que-el-dia-de-la-dona-sigui-tot-lany\\\/#primaryimage\"},\"thumbnailUrl\":\"https:\\\/\\\/mosaiking.com\\\/wp-content\\\/uploads\\\/2019\\\/03\\\/DiadelaDona_2019-copia.jpg\",\"keywords\":[\"aroma de marca\",\"branding\",\"dia de la dona\",\"Fairy\",\"marca\",\"Mosaiking Comunicaci\u00f3\",\"publicitat\",\"RAC1\"],\"articleSection\":[\"General\"],\"inLanguage\":\"es\"},{\"@type\":\"WebPage\",\"@id\":\"https:\\\/\\\/mosaiking.com\\\/es\\\/que-el-dia-de-la-dona-sigui-tot-lany\\\/\",\"url\":\"https:\\\/\\\/mosaiking.com\\\/es\\\/que-el-dia-de-la-dona-sigui-tot-lany\\\/\",\"name\":\"Que el dia de la dona sigui tot l'any. Mosaiking Comunicaci\u00f3.\",\"isPartOf\":{\"@id\":\"https:\\\/\\\/mosaiking.com\\\/es\\\/#website\"},\"primaryImageOfPage\":{\"@id\":\"https:\\\/\\\/mosaiking.com\\\/es\\\/que-el-dia-de-la-dona-sigui-tot-lany\\\/#primaryimage\"},\"image\":{\"@id\":\"https:\\\/\\\/mosaiking.com\\\/es\\\/que-el-dia-de-la-dona-sigui-tot-lany\\\/#primaryimage\"},\"thumbnailUrl\":\"https:\\\/\\\/mosaiking.com\\\/wp-content\\\/uploads\\\/2019\\\/03\\\/DiadelaDona_2019-copia.jpg\",\"datePublished\":\"2019-03-07T10:29:51+00:00\",\"author\":{\"@id\":\"https:\\\/\\\/mosaiking.com\\\/es\\\/#\\\/schema\\\/person\\\/82ca1cf5e82902eee8857e4ad13902f1\"},\"description\":\"S\u00f3c una dona, i n'estic ben contenta. S\u00f3c filla, i n'estic ben contenta. Des de 1970 S\u00f3c mare i n'estic ben contenta. Des de 1999 S\u00f3c una dona casada, i Mosaiking Comunicaci\u00f3 es vesteix de lila tot l'any. Que el dia de la dona sigui tot l'any. Feli\u00e7 dia de la dona, homes i dones!\",\"breadcrumb\":{\"@id\":\"https:\\\/\\\/mosaiking.com\\\/es\\\/que-el-dia-de-la-dona-sigui-tot-lany\\\/#breadcrumb\"},\"inLanguage\":\"es\",\"potentialAction\":[{\"@type\":\"ReadAction\",\"target\":[\"https:\\\/\\\/mosaiking.com\\\/es\\\/que-el-dia-de-la-dona-sigui-tot-lany\\\/\"]}]},{\"@type\":\"ImageObject\",\"inLanguage\":\"es\",\"@id\":\"https:\\\/\\\/mosaiking.com\\\/es\\\/que-el-dia-de-la-dona-sigui-tot-lany\\\/#primaryimage\",\"url\":\"https:\\\/\\\/mosaiking.com\\\/wp-content\\\/uploads\\\/2019\\\/03\\\/DiadelaDona_2019-copia.jpg\",\"contentUrl\":\"https:\\\/\\\/mosaiking.com\\\/wp-content\\\/uploads\\\/2019\\\/03\\\/DiadelaDona_2019-copia.jpg\",\"width\":1200,\"height\":1200},{\"@type\":\"BreadcrumbList\",\"@id\":\"https:\\\/\\\/mosaiking.com\\\/es\\\/que-el-dia-de-la-dona-sigui-tot-lany\\\/#breadcrumb\",\"itemListElement\":[{\"@type\":\"ListItem\",\"position\":1,\"name\":\"Portada\",\"item\":\"https:\\\/\\\/mosaiking.com\\\/es\\\/mosaiking-pasion-por-las-marcas\\\/\"},{\"@type\":\"ListItem\",\"position\":2,\"name\":\"Que el dia de la dona sigui tot l&#8217;any\"}]},{\"@type\":\"WebSite\",\"@id\":\"https:\\\/\\\/mosaiking.com\\\/es\\\/#website\",\"url\":\"https:\\\/\\\/mosaiking.com\\\/es\\\/\",\"name\":\"Mosaiking\",\"description\":\"Passi\u00f3 per la teva marca\",\"potentialAction\":[{\"@type\":\"SearchAction\",\"target\":{\"@type\":\"EntryPoint\",\"urlTemplate\":\"https:\\\/\\\/mosaiking.com\\\/es\\\/?s={search_term_string}\"},\"query-input\":{\"@type\":\"PropertyValueSpecification\",\"valueRequired\":true,\"valueName\":\"search_term_string\"}}],\"inLanguage\":\"es\"},{\"@type\":\"Person\",\"@id\":\"https:\\\/\\\/mosaiking.com\\\/es\\\/#\\\/schema\\\/person\\\/82ca1cf5e82902eee8857e4ad13902f1\",\"name\":\"Mosaiking\",\"image\":{\"@type\":\"ImageObject\",\"inLanguage\":\"es\",\"@id\":\"https:\\\/\\\/secure.gravatar.com\\\/avatar\\\/c7ea4bff8764dce161f8b55c91d0d751213c47808c77d9da68dae2b5e4fed52b?s=96&d=mm&r=g\",\"url\":\"https:\\\/\\\/secure.gravatar.com\\\/avatar\\\/c7ea4bff8764dce161f8b55c91d0d751213c47808c77d9da68dae2b5e4fed52b?s=96&d=mm&r=g\",\"contentUrl\":\"https:\\\/\\\/secure.gravatar.com\\\/avatar\\\/c7ea4bff8764dce161f8b55c91d0d751213c47808c77d9da68dae2b5e4fed52b?s=96&d=mm&r=g\",\"caption\":\"Mosaiking\"},\"sameAs\":[\"https:\\\/\\\/mosaiking.com\"]}]}<\/script>\n<!-- \/ Yoast SEO plugin. -->","yoast_head_json":{"title":"Que el dia de la dona sigui tot l'any. Mosaiking Comunicaci\u00f3.","description":"S\u00f3c una dona, i n'estic ben contenta. S\u00f3c filla, i n'estic ben contenta. Des de 1970 S\u00f3c mare i n'estic ben contenta. Des de 1999 S\u00f3c una dona casada, i Mosaiking Comunicaci\u00f3 es vesteix de lila tot l'any. Que el dia de la dona sigui tot l'any. Feli\u00e7 dia de la dona, homes i dones!","robots":{"index":"index","follow":"follow","max-snippet":"max-snippet:-1","max-image-preview":"max-image-preview:large","max-video-preview":"max-video-preview:-1"},"canonical":"https:\/\/mosaiking.com\/es\/que-el-dia-de-la-dona-sigui-tot-lany\/","og_locale":"es_ES","og_type":"article","og_title":"Que el dia de la dona sigui tot l'any. Mosaiking Comunicaci\u00f3.","og_description":"S\u00f3c una dona, i n'estic ben contenta. S\u00f3c filla, i n'estic ben contenta. Des de 1970 S\u00f3c mare i n'estic ben contenta. Des de 1999 S\u00f3c una dona casada, i Mosaiking Comunicaci\u00f3 es vesteix de lila tot l'any. Que el dia de la dona sigui tot l'any. Feli\u00e7 dia de la dona, homes i dones!","og_url":"https:\/\/mosaiking.com\/es\/que-el-dia-de-la-dona-sigui-tot-lany\/","og_site_name":"Mosaiking","article_published_time":"2019-03-07T10:29:51+00:00","og_image":[{"width":1200,"height":1200,"url":"https:\/\/mosaiking.com\/wp-content\/uploads\/2019\/03\/DiadelaDona_2019-copia.jpg","type":"image\/jpeg"}],"author":"Mosaiking","twitter_card":"summary_large_image","twitter_misc":{"Escrito por":"Mosaiking","Tiempo de lectura":"1 minuto"},"schema":{"@context":"https:\/\/schema.org","@graph":[{"@type":"Article","@id":"https:\/\/mosaiking.com\/es\/que-el-dia-de-la-dona-sigui-tot-lany\/#article","isPartOf":{"@id":"https:\/\/mosaiking.com\/es\/que-el-dia-de-la-dona-sigui-tot-lany\/"},"author":{"name":"Mosaiking","@id":"https:\/\/mosaiking.com\/es\/#\/schema\/person\/82ca1cf5e82902eee8857e4ad13902f1"},"headline":"Que el dia de la dona sigui tot l&#8217;any","datePublished":"2019-03-07T10:29:51+00:00","mainEntityOfPage":{"@id":"https:\/\/mosaiking.com\/es\/que-el-dia-de-la-dona-sigui-tot-lany\/"},"wordCount":166,"image":{"@id":"https:\/\/mosaiking.com\/es\/que-el-dia-de-la-dona-sigui-tot-lany\/#primaryimage"},"thumbnailUrl":"https:\/\/mosaiking.com\/wp-content\/uploads\/2019\/03\/DiadelaDona_2019-copia.jpg","keywords":["aroma de marca","branding","dia de la dona","Fairy","marca","Mosaiking Comunicaci\u00f3","publicitat","RAC1"],"articleSection":["General"],"inLanguage":"es"},{"@type":"WebPage","@id":"https:\/\/mosaiking.com\/es\/que-el-dia-de-la-dona-sigui-tot-lany\/","url":"https:\/\/mosaiking.com\/es\/que-el-dia-de-la-dona-sigui-tot-lany\/","name":"Que el dia de la dona sigui tot l'any. Mosaiking Comunicaci\u00f3.","isPartOf":{"@id":"https:\/\/mosaiking.com\/es\/#website"},"primaryImageOfPage":{"@id":"https:\/\/mosaiking.com\/es\/que-el-dia-de-la-dona-sigui-tot-lany\/#primaryimage"},"image":{"@id":"https:\/\/mosaiking.com\/es\/que-el-dia-de-la-dona-sigui-tot-lany\/#primaryimage"},"thumbnailUrl":"https:\/\/mosaiking.com\/wp-content\/uploads\/2019\/03\/DiadelaDona_2019-copia.jpg","datePublished":"2019-03-07T10:29:51+00:00","author":{"@id":"https:\/\/mosaiking.com\/es\/#\/schema\/person\/82ca1cf5e82902eee8857e4ad13902f1"},"description":"S\u00f3c una dona, i n'estic ben contenta. S\u00f3c filla, i n'estic ben contenta. Des de 1970 S\u00f3c mare i n'estic ben contenta. Des de 1999 S\u00f3c una dona casada, i Mosaiking Comunicaci\u00f3 es vesteix de lila tot l'any. Que el dia de la dona sigui tot l'any. Feli\u00e7 dia de la dona, homes i dones!","breadcrumb":{"@id":"https:\/\/mosaiking.com\/es\/que-el-dia-de-la-dona-sigui-tot-lany\/#breadcrumb"},"inLanguage":"es","potentialAction":[{"@type":"ReadAction","target":["https:\/\/mosaiking.com\/es\/que-el-dia-de-la-dona-sigui-tot-lany\/"]}]},{"@type":"ImageObject","inLanguage":"es","@id":"https:\/\/mosaiking.com\/es\/que-el-dia-de-la-dona-sigui-tot-lany\/#primaryimage","url":"https:\/\/mosaiking.com\/wp-content\/uploads\/2019\/03\/DiadelaDona_2019-copia.jpg","contentUrl":"https:\/\/mosaiking.com\/wp-content\/uploads\/2019\/03\/DiadelaDona_2019-copia.jpg","width":1200,"height":1200},{"@type":"BreadcrumbList","@id":"https:\/\/mosaiking.com\/es\/que-el-dia-de-la-dona-sigui-tot-lany\/#breadcrumb","itemListElement":[{"@type":"ListItem","position":1,"name":"Portada","item":"https:\/\/mosaiking.com\/es\/mosaiking-pasion-por-las-marcas\/"},{"@type":"ListItem","position":2,"name":"Que el dia de la dona sigui tot l&#8217;any"}]},{"@type":"WebSite","@id":"https:\/\/mosaiking.com\/es\/#website","url":"https:\/\/mosaiking.com\/es\/","name":"Mosaiking","description":"Passi\u00f3 per la teva marca","potentialAction":[{"@type":"SearchAction","target":{"@type":"EntryPoint","urlTemplate":"https:\/\/mosaiking.com\/es\/?s={search_term_string}"},"query-input":{"@type":"PropertyValueSpecification","valueRequired":true,"valueName":"search_term_string"}}],"inLanguage":"es"},{"@type":"Person","@id":"https:\/\/mosaiking.com\/es\/#\/schema\/person\/82ca1cf5e82902eee8857e4ad13902f1","name":"Mosaiking","image":{"@type":"ImageObject","inLanguage":"es","@id":"https:\/\/secure.gravatar.com\/avatar\/c7ea4bff8764dce161f8b55c91d0d751213c47808c77d9da68dae2b5e4fed52b?s=96&d=mm&r=g","url":"https:\/\/secure.gravatar.com\/avatar\/c7ea4bff8764dce161f8b55c91d0d751213c47808c77d9da68dae2b5e4fed52b?s=96&d=mm&r=g","contentUrl":"https:\/\/secure.gravatar.com\/avatar\/c7ea4bff8764dce161f8b55c91d0d751213c47808c77d9da68dae2b5e4fed52b?s=96&d=mm&r=g","caption":"Mosaiking"},"sameAs":["https:\/\/mosaiking.com"]}]}},"_links":{"self":[{"href":"https:\/\/mosaiking.com\/es\/wp-json\/wp\/v2\/posts\/2295","targetHints":{"allow":["GET"]}}],"collection":[{"href":"https:\/\/mosaiking.com\/es\/wp-json\/wp\/v2\/posts"}],"about":[{"href":"https:\/\/mosaiking.com\/es\/wp-json\/wp\/v2\/types\/post"}],"author":[{"embeddable":true,"href":"https:\/\/mosaiking.com\/es\/wp-json\/wp\/v2\/users\/1"}],"replies":[{"embeddable":true,"href":"https:\/\/mosaiking.com\/es\/wp-json\/wp\/v2\/comments?post=2295"}],"version-history":[{"count":0,"href":"https:\/\/mosaiking.com\/es\/wp-json\/wp\/v2\/posts\/2295\/revisions"}],"wp:featuredmedia":[{"embeddable":true,"href":"https:\/\/mosaiking.com\/es\/wp-json\/wp\/v2\/media\/2296"}],"wp:attachment":[{"href":"https:\/\/mosaiking.com\/es\/wp-json\/wp\/v2\/media?parent=2295"}],"wp:term":[{"taxonomy":"category","embeddable":true,"href":"https:\/\/mosaiking.com\/es\/wp-json\/wp\/v2\/categories?post=2295"},{"taxonomy":"post_tag","embeddable":true,"href":"https:\/\/mosaiking.com\/es\/wp-json\/wp\/v2\/tags?post=2295"}],"curies":[{"name":"wp","href":"https:\/\/api.w.org\/{rel}","templated":true}]}}