{"id":3125,"date":"2019-08-02T11:31:56","date_gmt":"2019-08-02T09:31:56","guid":{"rendered":"https:\/\/www.mosaiking.com\/?p=3125"},"modified":"2019-08-02T11:31:56","modified_gmt":"2019-08-02T09:31:56","slug":"aroma-destiu","status":"publish","type":"post","link":"https:\/\/mosaiking.com\/es\/aroma-destiu\/","title":{"rendered":"Aroma d&#8217;estiu"},"content":{"rendered":"\n<p><strong>Primera Setmana<\/strong><\/p>\n\n\n\n<p>A <a href=\"www.mosaiking.com\" target=\"_blank\" rel=\"noreferrer noopener\">Mosaiking Comunicaci\u00f3<\/a> aviat pengem el cartell de \u201cFem vacances!\u201d. De fet, divendres vinent dia 2 d&#8217;agost.<\/p>\n\n\n\n<p>Aquest curs ha estat ben ple. Ple de coses bones i de menys bones, com la vida mateixa<em>.<\/em> Jo em quedo amb les bones, i de les m\u00e9s bones, la millor. L\u2019edici\u00f3 i publicaci\u00f3 del meu primer llibre, <a href=\"https:\/\/www.mosaiking.com\/llibre-aroma-de-marca\/\"><em>Aroma de marca<\/em><\/a>, un t\u00edtol prou suggeridor que, com ja he anat explicant durant tot l\u2019hivern, no \u00e9s manual sobre publicitat amb tots els ets i uts, sin\u00f3 que \u00e9s una lectura amena que proporciona pistes i consells subtils per ajudar a crear una bona marca i difondre-la. Si busquem \u2018<a href=\"http:\/\/www.diccionari.cat\/lexicx.jsp?GECART=0011840\">aroma<\/a>\u2019 al <a href=\"http:\/\/www.diccionari.cat\/\">diccionari<\/a> (m\u2019agrada m\u00e9s que la <a href=\"https:\/\/ca.wikipedia.org\/wiki\/Portada\">Viquip\u00e8dia<\/a>), significa una olor subtil d\u2019alguna cosa. El meu llibre fa aquesta olor. Amb tota la subtilesa i la humilitat del m\u00f3n, fa olor de creaci\u00f3 de marca. En canvi, si busquem a Google la paraula \u2018<a href=\"https:\/\/www.google.cat\/search?source=hp&amp;ei=U-ItXfm5OJCfUN--obgD&amp;q=aroma&amp;oq=aroma&amp;gs_l=psy-ab.3..35i39l2j0i203l8.1032.1906..2713...0.0..0.146.558.5j1......0....1..gws-wiz.....0..0i131j0j0i67.fI4OF_OH7W4\">aroma<\/a>\u2019 sortiran un munt de coses: un <a href=\"https:\/\/www.tripadvisor.es\/Restaurant_Review-g187497-d8607045-Reviews-Aroma-Barcelona_Catalonia.html\">restaurant<\/a> que se\u2019n diu; una empresa que crea <a href=\"https:\/\/www.aromabcn.cat\/es\">les aromes<\/a> de la nostra preciosa ciutat, Barcelona; una ag\u00e8ncia de <a href=\"https:\/\/cuartosentido.com\/marketingolfativo\/?gclid=CjwKCAjw4NrpBRBsEiwAUcLcDHyBcBxebrmln-Z9MuhVR_Has0xhS1bBTWIpme5sdspyBE8JGFhb9RoCiRsQAvD_BwE\">m\u00e0rqueting olfactiu<\/a>; una <a href=\"https:\/\/www.aromas.es\/tiendas\">botiga<\/a> de frag\u00e0ncies\u2026&nbsp; I tamb\u00e9 surt la meva, la de <a href=\"https:\/\/www.mosaiking.com\/aroma-de-marca\/\">marca<\/a>&#8230;<\/p>\n\n\n\n<p>Tots els moments importants de la vida els associem a una aroma, un perfum, un lloc, un fet, unes vacances\u2026 I tenen una aroma especial que evocar\u00e0 records inesborrables per sempre.<\/p>\n\n\n\n<p>Ara que venen les vacances vull mirar de compartir aquelles aromes tan\u2026 t\u00edpiques de l\u2019estiu.<\/p>\n\n\n\n<p>Espero que siguin aromes tamb\u00e9 interessants per a tu i que t\u2019inspirin per a la desconnexi\u00f3 d\u2019aquests dies, tan merescuda per a molts (no per a tots, \u00e9s clar\u2026). Durant cinc setmanes anir\u00e9 enviant aromes interessants. Desitjo que t\u2019agradin i que les comparteixis per les xarxes amb familiars, amics, coneguts i saludats.<br>La primera setmana, si has comen\u00e7at les vacances (nosaltres encara no), ja fa aroma de desconnexi\u00f3. Per ajudar a desconnectar, res millor que la m\u00fasica, una ruta en bici o la pr\u00e0ctica de l\u2019ara i l\u2019aqu\u00ed. I, naturalment, llegir una mica. Ve de gust un cap\u00edtol d\u2019<em>Aroma de marca<\/em>.<\/p>\n\n\n\n<p><strong>Mentrestant, nosaltres anem tancant temes per comen\u00e7ar les vacances divendres vinent, dia 2 d\u2019agost.<\/strong><\/p>\n\n\n\n<p><\/p>\n","protected":false},"excerpt":{"rendered":"<p>Primera Setmana A Mosaiking Comunicaci\u00f3 aviat pengem el cartell de \u201cFem vacances!\u201d. De fet, divendres vinent dia 2 d&#8217;agost. Aquest curs ha estat ben ple. Ple de coses bones i de menys bones, com la vida mateixa. Jo em quedo amb les bones, i de les m\u00e9s bones, la millor. L\u2019edici\u00f3 i publicaci\u00f3 del meu [&hellip;]<\/p>\n","protected":false},"author":1,"featured_media":3127,"comment_status":"closed","ping_status":"open","sticky":false,"template":"","format":"standard","meta":{"ocean_post_layout":"","ocean_both_sidebars_style":"","ocean_both_sidebars_content_width":0,"ocean_both_sidebars_sidebars_width":0,"ocean_sidebar":"","ocean_second_sidebar":"","ocean_disable_margins":"enable","ocean_add_body_class":"","ocean_shortcode_before_top_bar":"","ocean_shortcode_after_top_bar":"","ocean_shortcode_before_header":"","ocean_shortcode_after_header":"","ocean_has_shortcode":"","ocean_shortcode_after_title":"","ocean_shortcode_before_footer_widgets":"","ocean_shortcode_after_footer_widgets":"","ocean_shortcode_before_footer_bottom":"","ocean_shortcode_after_footer_bottom":"","ocean_display_top_bar":"default","ocean_display_header":"default","ocean_header_style":"","ocean_center_header_left_menu":"","ocean_custom_header_template":"","ocean_custom_logo":0,"ocean_custom_retina_logo":0,"ocean_custom_logo_max_width":0,"ocean_custom_logo_tablet_max_width":0,"ocean_custom_logo_mobile_max_width":0,"ocean_custom_logo_max_height":0,"ocean_custom_logo_tablet_max_height":0,"ocean_custom_logo_mobile_max_height":0,"ocean_header_custom_menu":"","ocean_menu_typo_font_family":"","ocean_menu_typo_font_subset":"","ocean_menu_typo_font_size":0,"ocean_menu_typo_font_size_tablet":0,"ocean_menu_typo_font_size_mobile":0,"ocean_menu_typo_font_size_unit":"px","ocean_menu_typo_font_weight":"","ocean_menu_typo_font_weight_tablet":"","ocean_menu_typo_font_weight_mobile":"","ocean_menu_typo_transform":"","ocean_menu_typo_transform_tablet":"","ocean_menu_typo_transform_mobile":"","ocean_menu_typo_line_height":0,"ocean_menu_typo_line_height_tablet":0,"ocean_menu_typo_line_height_mobile":0,"ocean_menu_typo_line_height_unit":"","ocean_menu_typo_spacing":0,"ocean_menu_typo_spacing_tablet":0,"ocean_menu_typo_spacing_mobile":0,"ocean_menu_typo_spacing_unit":"","ocean_menu_link_color":"","ocean_menu_link_color_hover":"","ocean_menu_link_color_active":"","ocean_menu_link_background":"","ocean_menu_link_hover_background":"","ocean_menu_link_active_background":"","ocean_menu_social_links_bg":"","ocean_menu_social_hover_links_bg":"","ocean_menu_social_links_color":"","ocean_menu_social_hover_links_color":"","ocean_disable_title":"default","ocean_disable_heading":"default","ocean_post_title":"","ocean_post_subheading":"","ocean_post_title_style":"","ocean_post_title_background_color":"","ocean_post_title_background":0,"ocean_post_title_bg_image_position":"","ocean_post_title_bg_image_attachment":"","ocean_post_title_bg_image_repeat":"","ocean_post_title_bg_image_size":"","ocean_post_title_height":0,"ocean_post_title_bg_overlay":0.5,"ocean_post_title_bg_overlay_color":"","ocean_disable_breadcrumbs":"default","ocean_breadcrumbs_color":"","ocean_breadcrumbs_separator_color":"","ocean_breadcrumbs_links_color":"","ocean_breadcrumbs_links_hover_color":"","ocean_display_footer_widgets":"default","ocean_display_footer_bottom":"default","ocean_custom_footer_template":"","_joinchat":[],"ocean_post_oembed":"","ocean_post_self_hosted_media":"","ocean_post_video_embed":"","ocean_link_format":"","ocean_link_format_target":"self","ocean_quote_format":"","ocean_quote_format_link":"post","ocean_gallery_link_images":"on","ocean_gallery_id":[],"footnotes":""},"categories":[12],"tags":[],"class_list":["post-3125","post","type-post","status-publish","format-standard","has-post-thumbnail","hentry","category-greneral","entry","has-media"],"yoast_head":"<!-- This site is optimized with the Yoast SEO plugin v27.5 - https:\/\/yoast.com\/product\/yoast-seo-wordpress\/ -->\n<title>Aroma d&#039;estiu - Mosaiking<\/title>\n<meta name=\"robots\" content=\"index, follow, max-snippet:-1, max-image-preview:large, max-video-preview:-1\" \/>\n<link rel=\"canonical\" href=\"https:\/\/mosaiking.com\/es\/aroma-destiu\/\" \/>\n<meta property=\"og:locale\" content=\"es_ES\" \/>\n<meta property=\"og:type\" content=\"article\" \/>\n<meta property=\"og:title\" content=\"Aroma d&#039;estiu - Mosaiking\" \/>\n<meta property=\"og:description\" content=\"Primera Setmana A Mosaiking Comunicaci\u00f3 aviat pengem el cartell de \u201cFem vacances!\u201d. De fet, divendres vinent dia 2 d&#8217;agost. Aquest curs ha estat ben ple. Ple de coses bones i de menys bones, com la vida mateixa. Jo em quedo amb les bones, i de les m\u00e9s bones, la millor. L\u2019edici\u00f3 i publicaci\u00f3 del meu [&hellip;]\" \/>\n<meta property=\"og:url\" content=\"https:\/\/mosaiking.com\/es\/aroma-destiu\/\" \/>\n<meta property=\"og:site_name\" content=\"Mosaiking\" \/>\n<meta property=\"article:published_time\" content=\"2019-08-02T09:31:56+00:00\" \/>\n<meta property=\"og:image\" content=\"https:\/\/mosaiking.com\/wp-content\/uploads\/2019\/08\/blau-10.jpg\" \/>\n\t<meta property=\"og:image:width\" content=\"900\" \/>\n\t<meta property=\"og:image:height\" content=\"900\" \/>\n\t<meta property=\"og:image:type\" content=\"image\/jpeg\" \/>\n<meta name=\"author\" content=\"Mosaiking\" \/>\n<meta name=\"twitter:card\" content=\"summary_large_image\" \/>\n<meta name=\"twitter:label1\" content=\"Escrito por\" \/>\n\t<meta name=\"twitter:data1\" content=\"Mosaiking\" \/>\n\t<meta name=\"twitter:label2\" content=\"Tiempo de lectura\" \/>\n\t<meta name=\"twitter:data2\" content=\"2 minutos\" \/>\n<script type=\"application\/ld+json\" class=\"yoast-schema-graph\">{\"@context\":\"https:\\\/\\\/schema.org\",\"@graph\":[{\"@type\":\"Article\",\"@id\":\"https:\\\/\\\/mosaiking.com\\\/es\\\/aroma-destiu\\\/#article\",\"isPartOf\":{\"@id\":\"https:\\\/\\\/mosaiking.com\\\/es\\\/aroma-destiu\\\/\"},\"author\":{\"name\":\"Mosaiking\",\"@id\":\"https:\\\/\\\/mosaiking.com\\\/es\\\/#\\\/schema\\\/person\\\/82ca1cf5e82902eee8857e4ad13902f1\"},\"headline\":\"Aroma d&#8217;estiu\",\"datePublished\":\"2019-08-02T09:31:56+00:00\",\"mainEntityOfPage\":{\"@id\":\"https:\\\/\\\/mosaiking.com\\\/es\\\/aroma-destiu\\\/\"},\"wordCount\":381,\"image\":{\"@id\":\"https:\\\/\\\/mosaiking.com\\\/es\\\/aroma-destiu\\\/#primaryimage\"},\"thumbnailUrl\":\"https:\\\/\\\/mosaiking.com\\\/wp-content\\\/uploads\\\/2019\\\/08\\\/blau-10.jpg\",\"articleSection\":[\"General\"],\"inLanguage\":\"es\"},{\"@type\":\"WebPage\",\"@id\":\"https:\\\/\\\/mosaiking.com\\\/es\\\/aroma-destiu\\\/\",\"url\":\"https:\\\/\\\/mosaiking.com\\\/es\\\/aroma-destiu\\\/\",\"name\":\"Aroma d'estiu - Mosaiking\",\"isPartOf\":{\"@id\":\"https:\\\/\\\/mosaiking.com\\\/es\\\/#website\"},\"primaryImageOfPage\":{\"@id\":\"https:\\\/\\\/mosaiking.com\\\/es\\\/aroma-destiu\\\/#primaryimage\"},\"image\":{\"@id\":\"https:\\\/\\\/mosaiking.com\\\/es\\\/aroma-destiu\\\/#primaryimage\"},\"thumbnailUrl\":\"https:\\\/\\\/mosaiking.com\\\/wp-content\\\/uploads\\\/2019\\\/08\\\/blau-10.jpg\",\"datePublished\":\"2019-08-02T09:31:56+00:00\",\"author\":{\"@id\":\"https:\\\/\\\/mosaiking.com\\\/es\\\/#\\\/schema\\\/person\\\/82ca1cf5e82902eee8857e4ad13902f1\"},\"breadcrumb\":{\"@id\":\"https:\\\/\\\/mosaiking.com\\\/es\\\/aroma-destiu\\\/#breadcrumb\"},\"inLanguage\":\"es\",\"potentialAction\":[{\"@type\":\"ReadAction\",\"target\":[\"https:\\\/\\\/mosaiking.com\\\/es\\\/aroma-destiu\\\/\"]}]},{\"@type\":\"ImageObject\",\"inLanguage\":\"es\",\"@id\":\"https:\\\/\\\/mosaiking.com\\\/es\\\/aroma-destiu\\\/#primaryimage\",\"url\":\"https:\\\/\\\/mosaiking.com\\\/wp-content\\\/uploads\\\/2019\\\/08\\\/blau-10.jpg\",\"contentUrl\":\"https:\\\/\\\/mosaiking.com\\\/wp-content\\\/uploads\\\/2019\\\/08\\\/blau-10.jpg\",\"width\":900,\"height\":900},{\"@type\":\"BreadcrumbList\",\"@id\":\"https:\\\/\\\/mosaiking.com\\\/es\\\/aroma-destiu\\\/#breadcrumb\",\"itemListElement\":[{\"@type\":\"ListItem\",\"position\":1,\"name\":\"Portada\",\"item\":\"https:\\\/\\\/mosaiking.com\\\/es\\\/mosaiking-pasion-por-las-marcas\\\/\"},{\"@type\":\"ListItem\",\"position\":2,\"name\":\"Aroma d&#8217;estiu\"}]},{\"@type\":\"WebSite\",\"@id\":\"https:\\\/\\\/mosaiking.com\\\/es\\\/#website\",\"url\":\"https:\\\/\\\/mosaiking.com\\\/es\\\/\",\"name\":\"Mosaiking\",\"description\":\"Passi\u00f3 per la teva marca\",\"potentialAction\":[{\"@type\":\"SearchAction\",\"target\":{\"@type\":\"EntryPoint\",\"urlTemplate\":\"https:\\\/\\\/mosaiking.com\\\/es\\\/?s={search_term_string}\"},\"query-input\":{\"@type\":\"PropertyValueSpecification\",\"valueRequired\":true,\"valueName\":\"search_term_string\"}}],\"inLanguage\":\"es\"},{\"@type\":\"Person\",\"@id\":\"https:\\\/\\\/mosaiking.com\\\/es\\\/#\\\/schema\\\/person\\\/82ca1cf5e82902eee8857e4ad13902f1\",\"name\":\"Mosaiking\",\"image\":{\"@type\":\"ImageObject\",\"inLanguage\":\"es\",\"@id\":\"https:\\\/\\\/secure.gravatar.com\\\/avatar\\\/c7ea4bff8764dce161f8b55c91d0d751213c47808c77d9da68dae2b5e4fed52b?s=96&d=mm&r=g\",\"url\":\"https:\\\/\\\/secure.gravatar.com\\\/avatar\\\/c7ea4bff8764dce161f8b55c91d0d751213c47808c77d9da68dae2b5e4fed52b?s=96&d=mm&r=g\",\"contentUrl\":\"https:\\\/\\\/secure.gravatar.com\\\/avatar\\\/c7ea4bff8764dce161f8b55c91d0d751213c47808c77d9da68dae2b5e4fed52b?s=96&d=mm&r=g\",\"caption\":\"Mosaiking\"},\"sameAs\":[\"https:\\\/\\\/mosaiking.com\"]}]}<\/script>\n<!-- \/ Yoast SEO plugin. -->","yoast_head_json":{"title":"Aroma d'estiu - Mosaiking","robots":{"index":"index","follow":"follow","max-snippet":"max-snippet:-1","max-image-preview":"max-image-preview:large","max-video-preview":"max-video-preview:-1"},"canonical":"https:\/\/mosaiking.com\/es\/aroma-destiu\/","og_locale":"es_ES","og_type":"article","og_title":"Aroma d'estiu - Mosaiking","og_description":"Primera Setmana A Mosaiking Comunicaci\u00f3 aviat pengem el cartell de \u201cFem vacances!\u201d. De fet, divendres vinent dia 2 d&#8217;agost. Aquest curs ha estat ben ple. Ple de coses bones i de menys bones, com la vida mateixa. Jo em quedo amb les bones, i de les m\u00e9s bones, la millor. L\u2019edici\u00f3 i publicaci\u00f3 del meu [&hellip;]","og_url":"https:\/\/mosaiking.com\/es\/aroma-destiu\/","og_site_name":"Mosaiking","article_published_time":"2019-08-02T09:31:56+00:00","og_image":[{"width":900,"height":900,"url":"https:\/\/mosaiking.com\/wp-content\/uploads\/2019\/08\/blau-10.jpg","type":"image\/jpeg"}],"author":"Mosaiking","twitter_card":"summary_large_image","twitter_misc":{"Escrito por":"Mosaiking","Tiempo de lectura":"2 minutos"},"schema":{"@context":"https:\/\/schema.org","@graph":[{"@type":"Article","@id":"https:\/\/mosaiking.com\/es\/aroma-destiu\/#article","isPartOf":{"@id":"https:\/\/mosaiking.com\/es\/aroma-destiu\/"},"author":{"name":"Mosaiking","@id":"https:\/\/mosaiking.com\/es\/#\/schema\/person\/82ca1cf5e82902eee8857e4ad13902f1"},"headline":"Aroma d&#8217;estiu","datePublished":"2019-08-02T09:31:56+00:00","mainEntityOfPage":{"@id":"https:\/\/mosaiking.com\/es\/aroma-destiu\/"},"wordCount":381,"image":{"@id":"https:\/\/mosaiking.com\/es\/aroma-destiu\/#primaryimage"},"thumbnailUrl":"https:\/\/mosaiking.com\/wp-content\/uploads\/2019\/08\/blau-10.jpg","articleSection":["General"],"inLanguage":"es"},{"@type":"WebPage","@id":"https:\/\/mosaiking.com\/es\/aroma-destiu\/","url":"https:\/\/mosaiking.com\/es\/aroma-destiu\/","name":"Aroma d'estiu - Mosaiking","isPartOf":{"@id":"https:\/\/mosaiking.com\/es\/#website"},"primaryImageOfPage":{"@id":"https:\/\/mosaiking.com\/es\/aroma-destiu\/#primaryimage"},"image":{"@id":"https:\/\/mosaiking.com\/es\/aroma-destiu\/#primaryimage"},"thumbnailUrl":"https:\/\/mosaiking.com\/wp-content\/uploads\/2019\/08\/blau-10.jpg","datePublished":"2019-08-02T09:31:56+00:00","author":{"@id":"https:\/\/mosaiking.com\/es\/#\/schema\/person\/82ca1cf5e82902eee8857e4ad13902f1"},"breadcrumb":{"@id":"https:\/\/mosaiking.com\/es\/aroma-destiu\/#breadcrumb"},"inLanguage":"es","potentialAction":[{"@type":"ReadAction","target":["https:\/\/mosaiking.com\/es\/aroma-destiu\/"]}]},{"@type":"ImageObject","inLanguage":"es","@id":"https:\/\/mosaiking.com\/es\/aroma-destiu\/#primaryimage","url":"https:\/\/mosaiking.com\/wp-content\/uploads\/2019\/08\/blau-10.jpg","contentUrl":"https:\/\/mosaiking.com\/wp-content\/uploads\/2019\/08\/blau-10.jpg","width":900,"height":900},{"@type":"BreadcrumbList","@id":"https:\/\/mosaiking.com\/es\/aroma-destiu\/#breadcrumb","itemListElement":[{"@type":"ListItem","position":1,"name":"Portada","item":"https:\/\/mosaiking.com\/es\/mosaiking-pasion-por-las-marcas\/"},{"@type":"ListItem","position":2,"name":"Aroma d&#8217;estiu"}]},{"@type":"WebSite","@id":"https:\/\/mosaiking.com\/es\/#website","url":"https:\/\/mosaiking.com\/es\/","name":"Mosaiking","description":"Passi\u00f3 per la teva marca","potentialAction":[{"@type":"SearchAction","target":{"@type":"EntryPoint","urlTemplate":"https:\/\/mosaiking.com\/es\/?s={search_term_string}"},"query-input":{"@type":"PropertyValueSpecification","valueRequired":true,"valueName":"search_term_string"}}],"inLanguage":"es"},{"@type":"Person","@id":"https:\/\/mosaiking.com\/es\/#\/schema\/person\/82ca1cf5e82902eee8857e4ad13902f1","name":"Mosaiking","image":{"@type":"ImageObject","inLanguage":"es","@id":"https:\/\/secure.gravatar.com\/avatar\/c7ea4bff8764dce161f8b55c91d0d751213c47808c77d9da68dae2b5e4fed52b?s=96&d=mm&r=g","url":"https:\/\/secure.gravatar.com\/avatar\/c7ea4bff8764dce161f8b55c91d0d751213c47808c77d9da68dae2b5e4fed52b?s=96&d=mm&r=g","contentUrl":"https:\/\/secure.gravatar.com\/avatar\/c7ea4bff8764dce161f8b55c91d0d751213c47808c77d9da68dae2b5e4fed52b?s=96&d=mm&r=g","caption":"Mosaiking"},"sameAs":["https:\/\/mosaiking.com"]}]}},"_links":{"self":[{"href":"https:\/\/mosaiking.com\/es\/wp-json\/wp\/v2\/posts\/3125","targetHints":{"allow":["GET"]}}],"collection":[{"href":"https:\/\/mosaiking.com\/es\/wp-json\/wp\/v2\/posts"}],"about":[{"href":"https:\/\/mosaiking.com\/es\/wp-json\/wp\/v2\/types\/post"}],"author":[{"embeddable":true,"href":"https:\/\/mosaiking.com\/es\/wp-json\/wp\/v2\/users\/1"}],"replies":[{"embeddable":true,"href":"https:\/\/mosaiking.com\/es\/wp-json\/wp\/v2\/comments?post=3125"}],"version-history":[{"count":0,"href":"https:\/\/mosaiking.com\/es\/wp-json\/wp\/v2\/posts\/3125\/revisions"}],"wp:featuredmedia":[{"embeddable":true,"href":"https:\/\/mosaiking.com\/es\/wp-json\/wp\/v2\/media\/3127"}],"wp:attachment":[{"href":"https:\/\/mosaiking.com\/es\/wp-json\/wp\/v2\/media?parent=3125"}],"wp:term":[{"taxonomy":"category","embeddable":true,"href":"https:\/\/mosaiking.com\/es\/wp-json\/wp\/v2\/categories?post=3125"},{"taxonomy":"post_tag","embeddable":true,"href":"https:\/\/mosaiking.com\/es\/wp-json\/wp\/v2\/tags?post=3125"}],"curies":[{"name":"wp","href":"https:\/\/api.w.org\/{rel}","templated":true}]}}