{"id":3143,"date":"2019-08-02T12:00:29","date_gmt":"2019-08-02T10:00:29","guid":{"rendered":"https:\/\/www.mosaiking.com\/?p=3143"},"modified":"2019-08-02T12:00:29","modified_gmt":"2019-08-02T10:00:29","slug":"aroma-destiu-aroma-de-final-de-vacances","status":"publish","type":"post","link":"https:\/\/mosaiking.com\/es\/aroma-destiu-aroma-de-final-de-vacances\/","title":{"rendered":"Aroma d\u2019estiu. Aroma de \u201cfinal de vacances\u201d"},"content":{"rendered":"\n<p><strong>Cinquena setmana. Tanquem la paradeta.<\/strong><\/p>\n\n\n\n<p>Quan arriba el final de\nl\u2019estiu sempre em ve al cap la m\u00edtica s\u00e8rie <a href=\"https:\/\/www.youtube.com\/watch?v=FxUOrE9lURc\"><em>Verano Azul<\/em> i la seva can\u00e7\u00f3 del final de l\u2019estiu<\/a>\ndel D\u00fao Din\u00e1mico. Records d\u2019infantesa.<\/p>\n\n\n\n<p>Som a la recta final. Ara s\u00ed!\nAdeu al <em>dolce far niente<\/em>\u2026 Hola a\ntornar a tenir horaris, a tenir l\u2019agenda atape\u00efda sense hores, als fills a la\nuniversitat o a l\u2019escola\u2026 Potser m\u2019he avan\u00e7at massa? Potser per a tot aix\u00f2\nencara falten uns quants dies? B\u00e9, potser\u2026 Per\u00f2 \u00e9s que per a mi tot comen\u00e7a el\n26 d\u2019agost, quan encara la ciutat estar\u00e0 mig abaltida. Com quan no saps en quin\nmoment et vas adormir davant d\u2019aquella pel\u00b7l\u00edcula i et despertes i ni saps on\nets, ni qu\u00e8 hi passa\u2026 Aquella fresqueta tan bona que entrava pel balc\u00f3!<\/p>\n\n\n\n<p>Tot s\u2019acaba i tot comen\u00e7a!\nAix\u00f2 \u00e9s la vida. Els cicles. Tot se\u2019n va, per\u00f2, gr\u00e0cies a D\u00e9u, tot torna!<\/p>\n\n\n\n<p>Aprofita tots els moments\nque et quedin per fer all\u00f2 que vas deixar per a dem\u00e0<em>.<\/em> <\/p>\n\n\n\n<p>Gaudeix dels darrers dies abans de tancar la paradeta fins al pr\u00f2xim estiu!<\/p>\n\n\n\n<p><strong>Posa\u2019t les xancletes i camina.<\/strong> A mi m\u2019agrada fer-ho sense un rumb definit. Aqu\u00ed et deixo les meves rutes favorites de l\u2019estiu. Les passejades pels camins de ronda del nostre petit pa\u00eds. <a href=\"http:\/\/www.camideronda.com\/\">Clica aqu\u00ed<\/a><\/p>\n\n\n\n<p><strong>Tanca les vacances amb un concert.<\/strong> S\u2019acaba el mes per\u00f2 encara hi ha dies per anar de festa major. No te\u2019n perdis cap! Ah, i no t\u2019oblidis el mocador o la jaqueta\u2026, per si refresca! <a href=\"https:\/\/www.festacatalunya.cat\/articles-mostra-683-cat-festes_majors_de_municipis.htm\">Clica aqu\u00ed<\/a><\/p>\n\n\n\n<p><strong>Recull tots els teus records en un \u00e0lbum de fotografies.<\/strong> Encara tens les fotos de l\u2019estiu passat al m\u00f2bil, al n\u00favol, a on\u2026? Crea el teu \u00e0lbum digital o fes-te el teu amb <em>scrapbooking<\/em> o amb els de sempre, actualitzats, que trobar\u00e0s a Raima. <a href=\"http:\/\/raima.cat\/es\/album-de-fotos\/\">Clica aqu\u00ed<\/a><\/p>\n\n\n\n<p><strong>Darreres nits de lectura, ideal si \u00e9s acompanyada d\u2019un gint\u00f2nic<\/strong>: si has fet els deures, ja gaireb\u00e9 et deus haver acabat el llibre. Per tant, llegeix amb atenci\u00f3 el darrer cap\u00edtol. En qu\u00e8 t\u2019has de tirar a la piscina i fer els deures! Si no te\u2019n surts, envia\u2019m un correu i veiem-nos al setembre. <a href=\"mailto:marta.royo@mosaiking.com\">Clica aqu\u00ed<\/a><\/p>\n\n\n\n<p>I si vols que vingui a presentar-lo al teu\npoble o fer una tert\u00falia sobre marques i les seves aromes, nom\u00e9s cal que m\u2019ho\ndiguis!<\/p>\n","protected":false},"excerpt":{"rendered":"<p>Cinquena setmana. Tanquem la paradeta. Quan arriba el final de l\u2019estiu sempre em ve al cap la m\u00edtica s\u00e8rie Verano Azul i la seva can\u00e7\u00f3 del final de l\u2019estiu del D\u00fao Din\u00e1mico. Records d\u2019infantesa. Som a la recta final. Ara s\u00ed! Adeu al dolce far niente\u2026 Hola a tornar a tenir horaris, a tenir l\u2019agenda [&hellip;]<\/p>\n","protected":false},"author":1,"featured_media":3144,"comment_status":"closed","ping_status":"open","sticky":false,"template":"","format":"standard","meta":{"ocean_post_layout":"","ocean_both_sidebars_style":"","ocean_both_sidebars_content_width":0,"ocean_both_sidebars_sidebars_width":0,"ocean_sidebar":"","ocean_second_sidebar":"","ocean_disable_margins":"enable","ocean_add_body_class":"","ocean_shortcode_before_top_bar":"","ocean_shortcode_after_top_bar":"","ocean_shortcode_before_header":"","ocean_shortcode_after_header":"","ocean_has_shortcode":"","ocean_shortcode_after_title":"","ocean_shortcode_before_footer_widgets":"","ocean_shortcode_after_footer_widgets":"","ocean_shortcode_before_footer_bottom":"","ocean_shortcode_after_footer_bottom":"","ocean_display_top_bar":"default","ocean_display_header":"default","ocean_header_style":"","ocean_center_header_left_menu":"","ocean_custom_header_template":"","ocean_custom_logo":0,"ocean_custom_retina_logo":0,"ocean_custom_logo_max_width":0,"ocean_custom_logo_tablet_max_width":0,"ocean_custom_logo_mobile_max_width":0,"ocean_custom_logo_max_height":0,"ocean_custom_logo_tablet_max_height":0,"ocean_custom_logo_mobile_max_height":0,"ocean_header_custom_menu":"","ocean_menu_typo_font_family":"","ocean_menu_typo_font_subset":"","ocean_menu_typo_font_size":0,"ocean_menu_typo_font_size_tablet":0,"ocean_menu_typo_font_size_mobile":0,"ocean_menu_typo_font_size_unit":"px","ocean_menu_typo_font_weight":"","ocean_menu_typo_font_weight_tablet":"","ocean_menu_typo_font_weight_mobile":"","ocean_menu_typo_transform":"","ocean_menu_typo_transform_tablet":"","ocean_menu_typo_transform_mobile":"","ocean_menu_typo_line_height":0,"ocean_menu_typo_line_height_tablet":0,"ocean_menu_typo_line_height_mobile":0,"ocean_menu_typo_line_height_unit":"","ocean_menu_typo_spacing":0,"ocean_menu_typo_spacing_tablet":0,"ocean_menu_typo_spacing_mobile":0,"ocean_menu_typo_spacing_unit":"","ocean_menu_link_color":"","ocean_menu_link_color_hover":"","ocean_menu_link_color_active":"","ocean_menu_link_background":"","ocean_menu_link_hover_background":"","ocean_menu_link_active_background":"","ocean_menu_social_links_bg":"","ocean_menu_social_hover_links_bg":"","ocean_menu_social_links_color":"","ocean_menu_social_hover_links_color":"","ocean_disable_title":"default","ocean_disable_heading":"default","ocean_post_title":"","ocean_post_subheading":"","ocean_post_title_style":"","ocean_post_title_background_color":"","ocean_post_title_background":0,"ocean_post_title_bg_image_position":"","ocean_post_title_bg_image_attachment":"","ocean_post_title_bg_image_repeat":"","ocean_post_title_bg_image_size":"","ocean_post_title_height":0,"ocean_post_title_bg_overlay":0.5,"ocean_post_title_bg_overlay_color":"","ocean_disable_breadcrumbs":"default","ocean_breadcrumbs_color":"","ocean_breadcrumbs_separator_color":"","ocean_breadcrumbs_links_color":"","ocean_breadcrumbs_links_hover_color":"","ocean_display_footer_widgets":"default","ocean_display_footer_bottom":"default","ocean_custom_footer_template":"","_joinchat":[],"ocean_post_oembed":"","ocean_post_self_hosted_media":"","ocean_post_video_embed":"","ocean_link_format":"","ocean_link_format_target":"self","ocean_quote_format":"","ocean_quote_format_link":"post","ocean_gallery_link_images":"on","ocean_gallery_id":[],"footnotes":""},"categories":[12],"tags":[],"class_list":["post-3143","post","type-post","status-publish","format-standard","has-post-thumbnail","hentry","category-greneral","entry","has-media"],"yoast_head":"<!-- This site is optimized with the Yoast SEO plugin v27.5 - https:\/\/yoast.com\/product\/yoast-seo-wordpress\/ -->\n<title>Aroma d\u2019estiu. Aroma de \u201cfinal de vacances\u201d - Mosaiking<\/title>\n<meta name=\"robots\" content=\"index, follow, max-snippet:-1, max-image-preview:large, max-video-preview:-1\" \/>\n<link rel=\"canonical\" href=\"https:\/\/mosaiking.com\/es\/aroma-destiu-aroma-de-final-de-vacances\/\" \/>\n<meta property=\"og:locale\" content=\"es_ES\" \/>\n<meta property=\"og:type\" content=\"article\" \/>\n<meta property=\"og:title\" content=\"Aroma d\u2019estiu. Aroma de \u201cfinal de vacances\u201d - Mosaiking\" \/>\n<meta property=\"og:description\" content=\"Cinquena setmana. Tanquem la paradeta. Quan arriba el final de l\u2019estiu sempre em ve al cap la m\u00edtica s\u00e8rie Verano Azul i la seva can\u00e7\u00f3 del final de l\u2019estiu del D\u00fao Din\u00e1mico. Records d\u2019infantesa. Som a la recta final. Ara s\u00ed! Adeu al dolce far niente\u2026 Hola a tornar a tenir horaris, a tenir l\u2019agenda [&hellip;]\" \/>\n<meta property=\"og:url\" content=\"https:\/\/mosaiking.com\/es\/aroma-destiu-aroma-de-final-de-vacances\/\" \/>\n<meta property=\"og:site_name\" content=\"Mosaiking\" \/>\n<meta property=\"article:published_time\" content=\"2019-08-02T10:00:29+00:00\" \/>\n<meta property=\"og:image\" content=\"https:\/\/mosaiking.com\/wp-content\/uploads\/2019\/08\/Cistell.jpg\" \/>\n\t<meta property=\"og:image:width\" content=\"900\" \/>\n\t<meta property=\"og:image:height\" content=\"900\" \/>\n\t<meta property=\"og:image:type\" content=\"image\/jpeg\" \/>\n<meta name=\"author\" content=\"Mosaiking\" \/>\n<meta name=\"twitter:card\" content=\"summary_large_image\" \/>\n<meta name=\"twitter:label1\" content=\"Escrito por\" \/>\n\t<meta name=\"twitter:data1\" content=\"Mosaiking\" \/>\n\t<meta name=\"twitter:label2\" content=\"Tiempo de lectura\" \/>\n\t<meta name=\"twitter:data2\" content=\"2 minutos\" \/>\n<script type=\"application\/ld+json\" class=\"yoast-schema-graph\">{\"@context\":\"https:\\\/\\\/schema.org\",\"@graph\":[{\"@type\":\"Article\",\"@id\":\"https:\\\/\\\/mosaiking.com\\\/es\\\/aroma-destiu-aroma-de-final-de-vacances\\\/#article\",\"isPartOf\":{\"@id\":\"https:\\\/\\\/mosaiking.com\\\/es\\\/aroma-destiu-aroma-de-final-de-vacances\\\/\"},\"author\":{\"name\":\"Mosaiking\",\"@id\":\"https:\\\/\\\/mosaiking.com\\\/es\\\/#\\\/schema\\\/person\\\/82ca1cf5e82902eee8857e4ad13902f1\"},\"headline\":\"Aroma d\u2019estiu. Aroma de \u201cfinal de vacances\u201d\",\"datePublished\":\"2019-08-02T10:00:29+00:00\",\"mainEntityOfPage\":{\"@id\":\"https:\\\/\\\/mosaiking.com\\\/es\\\/aroma-destiu-aroma-de-final-de-vacances\\\/\"},\"wordCount\":430,\"image\":{\"@id\":\"https:\\\/\\\/mosaiking.com\\\/es\\\/aroma-destiu-aroma-de-final-de-vacances\\\/#primaryimage\"},\"thumbnailUrl\":\"https:\\\/\\\/mosaiking.com\\\/wp-content\\\/uploads\\\/2019\\\/08\\\/Cistell.jpg\",\"articleSection\":[\"General\"],\"inLanguage\":\"es\"},{\"@type\":\"WebPage\",\"@id\":\"https:\\\/\\\/mosaiking.com\\\/es\\\/aroma-destiu-aroma-de-final-de-vacances\\\/\",\"url\":\"https:\\\/\\\/mosaiking.com\\\/es\\\/aroma-destiu-aroma-de-final-de-vacances\\\/\",\"name\":\"Aroma d\u2019estiu. Aroma de \u201cfinal de vacances\u201d - Mosaiking\",\"isPartOf\":{\"@id\":\"https:\\\/\\\/mosaiking.com\\\/es\\\/#website\"},\"primaryImageOfPage\":{\"@id\":\"https:\\\/\\\/mosaiking.com\\\/es\\\/aroma-destiu-aroma-de-final-de-vacances\\\/#primaryimage\"},\"image\":{\"@id\":\"https:\\\/\\\/mosaiking.com\\\/es\\\/aroma-destiu-aroma-de-final-de-vacances\\\/#primaryimage\"},\"thumbnailUrl\":\"https:\\\/\\\/mosaiking.com\\\/wp-content\\\/uploads\\\/2019\\\/08\\\/Cistell.jpg\",\"datePublished\":\"2019-08-02T10:00:29+00:00\",\"author\":{\"@id\":\"https:\\\/\\\/mosaiking.com\\\/es\\\/#\\\/schema\\\/person\\\/82ca1cf5e82902eee8857e4ad13902f1\"},\"breadcrumb\":{\"@id\":\"https:\\\/\\\/mosaiking.com\\\/es\\\/aroma-destiu-aroma-de-final-de-vacances\\\/#breadcrumb\"},\"inLanguage\":\"es\",\"potentialAction\":[{\"@type\":\"ReadAction\",\"target\":[\"https:\\\/\\\/mosaiking.com\\\/es\\\/aroma-destiu-aroma-de-final-de-vacances\\\/\"]}]},{\"@type\":\"ImageObject\",\"inLanguage\":\"es\",\"@id\":\"https:\\\/\\\/mosaiking.com\\\/es\\\/aroma-destiu-aroma-de-final-de-vacances\\\/#primaryimage\",\"url\":\"https:\\\/\\\/mosaiking.com\\\/wp-content\\\/uploads\\\/2019\\\/08\\\/Cistell.jpg\",\"contentUrl\":\"https:\\\/\\\/mosaiking.com\\\/wp-content\\\/uploads\\\/2019\\\/08\\\/Cistell.jpg\",\"width\":900,\"height\":900},{\"@type\":\"BreadcrumbList\",\"@id\":\"https:\\\/\\\/mosaiking.com\\\/es\\\/aroma-destiu-aroma-de-final-de-vacances\\\/#breadcrumb\",\"itemListElement\":[{\"@type\":\"ListItem\",\"position\":1,\"name\":\"Portada\",\"item\":\"https:\\\/\\\/mosaiking.com\\\/es\\\/mosaiking-pasion-por-las-marcas\\\/\"},{\"@type\":\"ListItem\",\"position\":2,\"name\":\"Aroma d\u2019estiu. Aroma de \u201cfinal de vacances\u201d\"}]},{\"@type\":\"WebSite\",\"@id\":\"https:\\\/\\\/mosaiking.com\\\/es\\\/#website\",\"url\":\"https:\\\/\\\/mosaiking.com\\\/es\\\/\",\"name\":\"Mosaiking\",\"description\":\"Passi\u00f3 per la teva marca\",\"potentialAction\":[{\"@type\":\"SearchAction\",\"target\":{\"@type\":\"EntryPoint\",\"urlTemplate\":\"https:\\\/\\\/mosaiking.com\\\/es\\\/?s={search_term_string}\"},\"query-input\":{\"@type\":\"PropertyValueSpecification\",\"valueRequired\":true,\"valueName\":\"search_term_string\"}}],\"inLanguage\":\"es\"},{\"@type\":\"Person\",\"@id\":\"https:\\\/\\\/mosaiking.com\\\/es\\\/#\\\/schema\\\/person\\\/82ca1cf5e82902eee8857e4ad13902f1\",\"name\":\"Mosaiking\",\"image\":{\"@type\":\"ImageObject\",\"inLanguage\":\"es\",\"@id\":\"https:\\\/\\\/secure.gravatar.com\\\/avatar\\\/c7ea4bff8764dce161f8b55c91d0d751213c47808c77d9da68dae2b5e4fed52b?s=96&d=mm&r=g\",\"url\":\"https:\\\/\\\/secure.gravatar.com\\\/avatar\\\/c7ea4bff8764dce161f8b55c91d0d751213c47808c77d9da68dae2b5e4fed52b?s=96&d=mm&r=g\",\"contentUrl\":\"https:\\\/\\\/secure.gravatar.com\\\/avatar\\\/c7ea4bff8764dce161f8b55c91d0d751213c47808c77d9da68dae2b5e4fed52b?s=96&d=mm&r=g\",\"caption\":\"Mosaiking\"},\"sameAs\":[\"https:\\\/\\\/mosaiking.com\"]}]}<\/script>\n<!-- \/ Yoast SEO plugin. -->","yoast_head_json":{"title":"Aroma d\u2019estiu. Aroma de \u201cfinal de vacances\u201d - Mosaiking","robots":{"index":"index","follow":"follow","max-snippet":"max-snippet:-1","max-image-preview":"max-image-preview:large","max-video-preview":"max-video-preview:-1"},"canonical":"https:\/\/mosaiking.com\/es\/aroma-destiu-aroma-de-final-de-vacances\/","og_locale":"es_ES","og_type":"article","og_title":"Aroma d\u2019estiu. Aroma de \u201cfinal de vacances\u201d - Mosaiking","og_description":"Cinquena setmana. Tanquem la paradeta. Quan arriba el final de l\u2019estiu sempre em ve al cap la m\u00edtica s\u00e8rie Verano Azul i la seva can\u00e7\u00f3 del final de l\u2019estiu del D\u00fao Din\u00e1mico. Records d\u2019infantesa. Som a la recta final. Ara s\u00ed! Adeu al dolce far niente\u2026 Hola a tornar a tenir horaris, a tenir l\u2019agenda [&hellip;]","og_url":"https:\/\/mosaiking.com\/es\/aroma-destiu-aroma-de-final-de-vacances\/","og_site_name":"Mosaiking","article_published_time":"2019-08-02T10:00:29+00:00","og_image":[{"width":900,"height":900,"url":"https:\/\/mosaiking.com\/wp-content\/uploads\/2019\/08\/Cistell.jpg","type":"image\/jpeg"}],"author":"Mosaiking","twitter_card":"summary_large_image","twitter_misc":{"Escrito por":"Mosaiking","Tiempo de lectura":"2 minutos"},"schema":{"@context":"https:\/\/schema.org","@graph":[{"@type":"Article","@id":"https:\/\/mosaiking.com\/es\/aroma-destiu-aroma-de-final-de-vacances\/#article","isPartOf":{"@id":"https:\/\/mosaiking.com\/es\/aroma-destiu-aroma-de-final-de-vacances\/"},"author":{"name":"Mosaiking","@id":"https:\/\/mosaiking.com\/es\/#\/schema\/person\/82ca1cf5e82902eee8857e4ad13902f1"},"headline":"Aroma d\u2019estiu. Aroma de \u201cfinal de vacances\u201d","datePublished":"2019-08-02T10:00:29+00:00","mainEntityOfPage":{"@id":"https:\/\/mosaiking.com\/es\/aroma-destiu-aroma-de-final-de-vacances\/"},"wordCount":430,"image":{"@id":"https:\/\/mosaiking.com\/es\/aroma-destiu-aroma-de-final-de-vacances\/#primaryimage"},"thumbnailUrl":"https:\/\/mosaiking.com\/wp-content\/uploads\/2019\/08\/Cistell.jpg","articleSection":["General"],"inLanguage":"es"},{"@type":"WebPage","@id":"https:\/\/mosaiking.com\/es\/aroma-destiu-aroma-de-final-de-vacances\/","url":"https:\/\/mosaiking.com\/es\/aroma-destiu-aroma-de-final-de-vacances\/","name":"Aroma d\u2019estiu. Aroma de \u201cfinal de vacances\u201d - Mosaiking","isPartOf":{"@id":"https:\/\/mosaiking.com\/es\/#website"},"primaryImageOfPage":{"@id":"https:\/\/mosaiking.com\/es\/aroma-destiu-aroma-de-final-de-vacances\/#primaryimage"},"image":{"@id":"https:\/\/mosaiking.com\/es\/aroma-destiu-aroma-de-final-de-vacances\/#primaryimage"},"thumbnailUrl":"https:\/\/mosaiking.com\/wp-content\/uploads\/2019\/08\/Cistell.jpg","datePublished":"2019-08-02T10:00:29+00:00","author":{"@id":"https:\/\/mosaiking.com\/es\/#\/schema\/person\/82ca1cf5e82902eee8857e4ad13902f1"},"breadcrumb":{"@id":"https:\/\/mosaiking.com\/es\/aroma-destiu-aroma-de-final-de-vacances\/#breadcrumb"},"inLanguage":"es","potentialAction":[{"@type":"ReadAction","target":["https:\/\/mosaiking.com\/es\/aroma-destiu-aroma-de-final-de-vacances\/"]}]},{"@type":"ImageObject","inLanguage":"es","@id":"https:\/\/mosaiking.com\/es\/aroma-destiu-aroma-de-final-de-vacances\/#primaryimage","url":"https:\/\/mosaiking.com\/wp-content\/uploads\/2019\/08\/Cistell.jpg","contentUrl":"https:\/\/mosaiking.com\/wp-content\/uploads\/2019\/08\/Cistell.jpg","width":900,"height":900},{"@type":"BreadcrumbList","@id":"https:\/\/mosaiking.com\/es\/aroma-destiu-aroma-de-final-de-vacances\/#breadcrumb","itemListElement":[{"@type":"ListItem","position":1,"name":"Portada","item":"https:\/\/mosaiking.com\/es\/mosaiking-pasion-por-las-marcas\/"},{"@type":"ListItem","position":2,"name":"Aroma d\u2019estiu. Aroma de \u201cfinal de vacances\u201d"}]},{"@type":"WebSite","@id":"https:\/\/mosaiking.com\/es\/#website","url":"https:\/\/mosaiking.com\/es\/","name":"Mosaiking","description":"Passi\u00f3 per la teva marca","potentialAction":[{"@type":"SearchAction","target":{"@type":"EntryPoint","urlTemplate":"https:\/\/mosaiking.com\/es\/?s={search_term_string}"},"query-input":{"@type":"PropertyValueSpecification","valueRequired":true,"valueName":"search_term_string"}}],"inLanguage":"es"},{"@type":"Person","@id":"https:\/\/mosaiking.com\/es\/#\/schema\/person\/82ca1cf5e82902eee8857e4ad13902f1","name":"Mosaiking","image":{"@type":"ImageObject","inLanguage":"es","@id":"https:\/\/secure.gravatar.com\/avatar\/c7ea4bff8764dce161f8b55c91d0d751213c47808c77d9da68dae2b5e4fed52b?s=96&d=mm&r=g","url":"https:\/\/secure.gravatar.com\/avatar\/c7ea4bff8764dce161f8b55c91d0d751213c47808c77d9da68dae2b5e4fed52b?s=96&d=mm&r=g","contentUrl":"https:\/\/secure.gravatar.com\/avatar\/c7ea4bff8764dce161f8b55c91d0d751213c47808c77d9da68dae2b5e4fed52b?s=96&d=mm&r=g","caption":"Mosaiking"},"sameAs":["https:\/\/mosaiking.com"]}]}},"_links":{"self":[{"href":"https:\/\/mosaiking.com\/es\/wp-json\/wp\/v2\/posts\/3143","targetHints":{"allow":["GET"]}}],"collection":[{"href":"https:\/\/mosaiking.com\/es\/wp-json\/wp\/v2\/posts"}],"about":[{"href":"https:\/\/mosaiking.com\/es\/wp-json\/wp\/v2\/types\/post"}],"author":[{"embeddable":true,"href":"https:\/\/mosaiking.com\/es\/wp-json\/wp\/v2\/users\/1"}],"replies":[{"embeddable":true,"href":"https:\/\/mosaiking.com\/es\/wp-json\/wp\/v2\/comments?post=3143"}],"version-history":[{"count":0,"href":"https:\/\/mosaiking.com\/es\/wp-json\/wp\/v2\/posts\/3143\/revisions"}],"wp:featuredmedia":[{"embeddable":true,"href":"https:\/\/mosaiking.com\/es\/wp-json\/wp\/v2\/media\/3144"}],"wp:attachment":[{"href":"https:\/\/mosaiking.com\/es\/wp-json\/wp\/v2\/media?parent=3143"}],"wp:term":[{"taxonomy":"category","embeddable":true,"href":"https:\/\/mosaiking.com\/es\/wp-json\/wp\/v2\/categories?post=3143"},{"taxonomy":"post_tag","embeddable":true,"href":"https:\/\/mosaiking.com\/es\/wp-json\/wp\/v2\/tags?post=3143"}],"curies":[{"name":"wp","href":"https:\/\/api.w.org\/{rel}","templated":true}]}}