{"id":3692,"date":"2020-06-12T08:43:54","date_gmt":"2020-06-12T06:43:54","guid":{"rendered":"https:\/\/www.mosaiking.com\/?p=3692"},"modified":"2020-06-12T08:43:54","modified_gmt":"2020-06-12T06:43:54","slug":"marques-en-temps-de-covid","status":"publish","type":"post","link":"https:\/\/mosaiking.com\/es\/marques-en-temps-de-covid\/","title":{"rendered":"Marques en temps de #COVID"},"content":{"rendered":"\n<p>Ahir vaig tenir el plaer de participar en un nou #fightingCOVID  (Instagram Live) organitzat pel Col\u00b7legi del M\u00e0rqueting, la Comunicaci\u00f3, la Publicitat i les Relacions P\u00fabliques de Catalunya xerrant sobre la comunicaci\u00f3 dels m\u00e9s petits (aplicable a qualsevol marca i \u00e0mbit) amb la Marta Catas\u00fas <a href=\"https:\/\/www.oomkt.com\/\">d&#8217;OOMKT<\/a>  <\/p>\n\n\n\n<p>Us deixo l&#8217;enlla\u00e7 a la <a href=\"https:\/\/www.instagram.com\/tv\/CBS8y0QH8vU\/?igshid=sdwsybzipydu\">gravaci\u00f3<\/a> i unes pistes en forma de dec\u00e0leg, de com fer cr\u00e9ixer un petit negoci, una empresa, un comer\u00e7 o una marca personal en general i, sobre tot,  en temps de la COVID-19<strong>.<\/strong><\/p>\n\n\n\n<p><strong>1. <\/strong>Tingues molt clar&nbsp;<em>qu\u00e8 dir<\/em>de la teva empresa\/negoci.&nbsp;En temps de crisi (COVID-19), intenta aportar valor a la societat.&nbsp;<\/p>\n\n\n\n<p><strong>2<\/strong>. Sigues molt creatiu en&nbsp;<em>com dir-ho<\/em>!&nbsp;Busca tenir una marca que encisi i enamori.<\/p>\n\n\n\n<p><strong>3<\/strong>. Identifica molt b\u00e9 el teu p\u00fablic objectiu.&nbsp;Explica-li all\u00f2 que vol sentir. Tingues cura amb el missatge. Som en una \u00e8poca de m\u00e0xima sensibilitat.<\/p>\n\n\n\n<p><strong>4. <\/strong>Crea el teu logo i la teva identitat de marca.&nbsp;Mima els colors, les tipografies, els s\u00edmbols. Fes-te agradable a la vista.&nbsp;<\/p>\n\n\n\n<p><strong>5.<\/strong> Pensa en una identitat que funcioni tant en formats off-line com en formats on-line.&nbsp;Aprofita\u2019t de l\u2019on-line per fer-te viral i arribar a m\u00e9s gent!<\/p>\n\n\n\n<p><strong>6.<\/strong> No converteixis les teves comunicacions en informatius.&nbsp;Busca oportunitats, per\u00f2 no siguis oportunista.<\/p>\n\n\n\n<p><strong>7. <\/strong>Dissenya campanyes de publicitat que comuniquin.&nbsp;I, alhora, que ajudin i que aportin valor.&nbsp;<\/p>\n\n\n\n<p><strong>8.<\/strong> Sigues clar i transparent amb el missatge.&nbsp;Ara, m\u00e9s que mai, es valora molt l\u2019honestedat.<\/p>\n\n\n\n<p><strong>9.<\/strong> Fixa\u2019t en la compet\u00e8ncia i tingues-li enveja sana.&nbsp;Suma\u2019t a all\u00f2 que fa b\u00e9. Felicita-la obertament!<\/p>\n\n\n\n<p><strong>10<\/strong>. Tria molt b\u00e9 el teu canal de comunicaci\u00f3 en funci\u00f3 dels teus objectius i la teva estrat\u00e8gia.&nbsp;Per\u00f2 tira del boca-orella. \u00c9s moment que entre tots ens ajudem. Amics, coneguts i saludats. Explica\u2019ls qu\u00e8 ofereixes i demana\u2019n difusi\u00f3!<\/p>\n\n\n\n<p><strong>I la darrera: si vols crear la teva marca i la teva campanya de publicitat&#8230; truca al publicista!&nbsp;<\/strong><\/p>\n","protected":false},"excerpt":{"rendered":"<p>Ahir vaig tenir el plaer de participar en un nou #fightingCOVID (Instagram Live) organitzat pel Col\u00b7legi del M\u00e0rqueting, la Comunicaci\u00f3, la Publicitat i les Relacions P\u00fabliques de Catalunya xerrant sobre la comunicaci\u00f3 dels m\u00e9s petits (aplicable a qualsevol marca i \u00e0mbit) amb la Marta Catas\u00fas d&#8217;OOMKT Us deixo l&#8217;enlla\u00e7 a la gravaci\u00f3 i unes pistes [&hellip;]<\/p>\n","protected":false},"author":1,"featured_media":3695,"comment_status":"closed","ping_status":"open","sticky":false,"template":"","format":"standard","meta":{"ocean_post_layout":"","ocean_both_sidebars_style":"","ocean_both_sidebars_content_width":0,"ocean_both_sidebars_sidebars_width":0,"ocean_sidebar":"","ocean_second_sidebar":"","ocean_disable_margins":"enable","ocean_add_body_class":"","ocean_shortcode_before_top_bar":"","ocean_shortcode_after_top_bar":"","ocean_shortcode_before_header":"","ocean_shortcode_after_header":"","ocean_has_shortcode":"","ocean_shortcode_after_title":"","ocean_shortcode_before_footer_widgets":"","ocean_shortcode_after_footer_widgets":"","ocean_shortcode_before_footer_bottom":"","ocean_shortcode_after_footer_bottom":"","ocean_display_top_bar":"default","ocean_display_header":"default","ocean_header_style":"","ocean_center_header_left_menu":"","ocean_custom_header_template":"","ocean_custom_logo":0,"ocean_custom_retina_logo":0,"ocean_custom_logo_max_width":0,"ocean_custom_logo_tablet_max_width":0,"ocean_custom_logo_mobile_max_width":0,"ocean_custom_logo_max_height":0,"ocean_custom_logo_tablet_max_height":0,"ocean_custom_logo_mobile_max_height":0,"ocean_header_custom_menu":"","ocean_menu_typo_font_family":"","ocean_menu_typo_font_subset":"","ocean_menu_typo_font_size":0,"ocean_menu_typo_font_size_tablet":0,"ocean_menu_typo_font_size_mobile":0,"ocean_menu_typo_font_size_unit":"px","ocean_menu_typo_font_weight":"","ocean_menu_typo_font_weight_tablet":"","ocean_menu_typo_font_weight_mobile":"","ocean_menu_typo_transform":"","ocean_menu_typo_transform_tablet":"","ocean_menu_typo_transform_mobile":"","ocean_menu_typo_line_height":0,"ocean_menu_typo_line_height_tablet":0,"ocean_menu_typo_line_height_mobile":0,"ocean_menu_typo_line_height_unit":"","ocean_menu_typo_spacing":0,"ocean_menu_typo_spacing_tablet":0,"ocean_menu_typo_spacing_mobile":0,"ocean_menu_typo_spacing_unit":"","ocean_menu_link_color":"","ocean_menu_link_color_hover":"","ocean_menu_link_color_active":"","ocean_menu_link_background":"","ocean_menu_link_hover_background":"","ocean_menu_link_active_background":"","ocean_menu_social_links_bg":"","ocean_menu_social_hover_links_bg":"","ocean_menu_social_links_color":"","ocean_menu_social_hover_links_color":"","ocean_disable_title":"default","ocean_disable_heading":"default","ocean_post_title":"","ocean_post_subheading":"","ocean_post_title_style":"","ocean_post_title_background_color":"","ocean_post_title_background":0,"ocean_post_title_bg_image_position":"","ocean_post_title_bg_image_attachment":"","ocean_post_title_bg_image_repeat":"","ocean_post_title_bg_image_size":"","ocean_post_title_height":0,"ocean_post_title_bg_overlay":0.5,"ocean_post_title_bg_overlay_color":"","ocean_disable_breadcrumbs":"default","ocean_breadcrumbs_color":"","ocean_breadcrumbs_separator_color":"","ocean_breadcrumbs_links_color":"","ocean_breadcrumbs_links_hover_color":"","ocean_display_footer_widgets":"default","ocean_display_footer_bottom":"default","ocean_custom_footer_template":"","_joinchat":[],"ocean_post_oembed":"","ocean_post_self_hosted_media":"","ocean_post_video_embed":"","ocean_link_format":"","ocean_link_format_target":"self","ocean_quote_format":"","ocean_quote_format_link":"post","ocean_gallery_link_images":"on","ocean_gallery_id":[],"footnotes":""},"categories":[12],"tags":[],"class_list":["post-3692","post","type-post","status-publish","format-standard","has-post-thumbnail","hentry","category-greneral","entry","has-media"],"yoast_head":"<!-- This site is optimized with the Yoast SEO plugin v27.5 - https:\/\/yoast.com\/product\/yoast-seo-wordpress\/ -->\n<title>Marques en temps de #COVID - Mosaiking<\/title>\n<meta name=\"description\" content=\"Ahir vaig tenir el plaer de participar en un nou #fightingCOVID (Instagram Live) organitzat pel Col\u00b7legi del M\u00e0rqueting, la Comunicaci\u00f3, la Publicitat i Com comunicar la teva marca en temps de COVID per Mosaiking Comunicaci\u00f3\" \/>\n<meta name=\"robots\" content=\"index, follow, max-snippet:-1, max-image-preview:large, max-video-preview:-1\" \/>\n<link rel=\"canonical\" href=\"https:\/\/mosaiking.com\/es\/marques-en-temps-de-covid\/\" \/>\n<meta property=\"og:locale\" content=\"es_ES\" \/>\n<meta property=\"og:type\" content=\"article\" \/>\n<meta property=\"og:title\" content=\"Marques en temps de #COVID - Mosaiking\" \/>\n<meta property=\"og:description\" content=\"Ahir vaig tenir el plaer de participar en un nou #fightingCOVID (Instagram Live) organitzat pel Col\u00b7legi del M\u00e0rqueting, la Comunicaci\u00f3, la Publicitat i Com comunicar la teva marca en temps de COVID per Mosaiking Comunicaci\u00f3\" \/>\n<meta property=\"og:url\" content=\"https:\/\/mosaiking.com\/es\/marques-en-temps-de-covid\/\" \/>\n<meta property=\"og:site_name\" content=\"Mosaiking\" \/>\n<meta property=\"article:published_time\" content=\"2020-06-12T06:43:54+00:00\" \/>\n<meta property=\"og:image\" content=\"https:\/\/mosaiking.com\/wp-content\/uploads\/2020\/06\/BrandsCovidTimes640x640-1.jpeg\" \/>\n\t<meta property=\"og:image:width\" content=\"240\" \/>\n\t<meta property=\"og:image:height\" content=\"240\" \/>\n\t<meta property=\"og:image:type\" content=\"image\/jpeg\" \/>\n<meta name=\"author\" content=\"Mosaiking\" \/>\n<meta name=\"twitter:card\" content=\"summary_large_image\" \/>\n<meta name=\"twitter:label1\" content=\"Escrito por\" \/>\n\t<meta name=\"twitter:data1\" content=\"Mosaiking\" \/>\n\t<meta name=\"twitter:label2\" content=\"Tiempo de lectura\" \/>\n\t<meta name=\"twitter:data2\" content=\"2 minutos\" \/>\n<script type=\"application\/ld+json\" class=\"yoast-schema-graph\">{\"@context\":\"https:\\\/\\\/schema.org\",\"@graph\":[{\"@type\":\"Article\",\"@id\":\"https:\\\/\\\/mosaiking.com\\\/es\\\/marques-en-temps-de-covid\\\/#article\",\"isPartOf\":{\"@id\":\"https:\\\/\\\/mosaiking.com\\\/es\\\/marques-en-temps-de-covid\\\/\"},\"author\":{\"name\":\"Mosaiking\",\"@id\":\"https:\\\/\\\/mosaiking.com\\\/es\\\/#\\\/schema\\\/person\\\/82ca1cf5e82902eee8857e4ad13902f1\"},\"headline\":\"Marques en temps de #COVID\",\"datePublished\":\"2020-06-12T06:43:54+00:00\",\"mainEntityOfPage\":{\"@id\":\"https:\\\/\\\/mosaiking.com\\\/es\\\/marques-en-temps-de-covid\\\/\"},\"wordCount\":347,\"image\":{\"@id\":\"https:\\\/\\\/mosaiking.com\\\/es\\\/marques-en-temps-de-covid\\\/#primaryimage\"},\"thumbnailUrl\":\"https:\\\/\\\/mosaiking.com\\\/wp-content\\\/uploads\\\/2020\\\/06\\\/BrandsCovidTimes640x640-1.jpeg\",\"articleSection\":[\"General\"],\"inLanguage\":\"es\"},{\"@type\":\"WebPage\",\"@id\":\"https:\\\/\\\/mosaiking.com\\\/es\\\/marques-en-temps-de-covid\\\/\",\"url\":\"https:\\\/\\\/mosaiking.com\\\/es\\\/marques-en-temps-de-covid\\\/\",\"name\":\"Marques en temps de #COVID - Mosaiking\",\"isPartOf\":{\"@id\":\"https:\\\/\\\/mosaiking.com\\\/es\\\/#website\"},\"primaryImageOfPage\":{\"@id\":\"https:\\\/\\\/mosaiking.com\\\/es\\\/marques-en-temps-de-covid\\\/#primaryimage\"},\"image\":{\"@id\":\"https:\\\/\\\/mosaiking.com\\\/es\\\/marques-en-temps-de-covid\\\/#primaryimage\"},\"thumbnailUrl\":\"https:\\\/\\\/mosaiking.com\\\/wp-content\\\/uploads\\\/2020\\\/06\\\/BrandsCovidTimes640x640-1.jpeg\",\"datePublished\":\"2020-06-12T06:43:54+00:00\",\"author\":{\"@id\":\"https:\\\/\\\/mosaiking.com\\\/es\\\/#\\\/schema\\\/person\\\/82ca1cf5e82902eee8857e4ad13902f1\"},\"description\":\"Ahir vaig tenir el plaer de participar en un nou #fightingCOVID (Instagram Live) organitzat pel Col\u00b7legi del M\u00e0rqueting, la Comunicaci\u00f3, la Publicitat i Com comunicar la teva marca en temps de COVID per Mosaiking Comunicaci\u00f3\",\"breadcrumb\":{\"@id\":\"https:\\\/\\\/mosaiking.com\\\/es\\\/marques-en-temps-de-covid\\\/#breadcrumb\"},\"inLanguage\":\"es\",\"potentialAction\":[{\"@type\":\"ReadAction\",\"target\":[\"https:\\\/\\\/mosaiking.com\\\/es\\\/marques-en-temps-de-covid\\\/\"]}]},{\"@type\":\"ImageObject\",\"inLanguage\":\"es\",\"@id\":\"https:\\\/\\\/mosaiking.com\\\/es\\\/marques-en-temps-de-covid\\\/#primaryimage\",\"url\":\"https:\\\/\\\/mosaiking.com\\\/wp-content\\\/uploads\\\/2020\\\/06\\\/BrandsCovidTimes640x640-1.jpeg\",\"contentUrl\":\"https:\\\/\\\/mosaiking.com\\\/wp-content\\\/uploads\\\/2020\\\/06\\\/BrandsCovidTimes640x640-1.jpeg\",\"width\":240,\"height\":240,\"caption\":\"Marques en temps de COVID\"},{\"@type\":\"BreadcrumbList\",\"@id\":\"https:\\\/\\\/mosaiking.com\\\/es\\\/marques-en-temps-de-covid\\\/#breadcrumb\",\"itemListElement\":[{\"@type\":\"ListItem\",\"position\":1,\"name\":\"Portada\",\"item\":\"https:\\\/\\\/mosaiking.com\\\/es\\\/mosaiking-pasion-por-las-marcas\\\/\"},{\"@type\":\"ListItem\",\"position\":2,\"name\":\"Marques en temps de #COVID\"}]},{\"@type\":\"WebSite\",\"@id\":\"https:\\\/\\\/mosaiking.com\\\/es\\\/#website\",\"url\":\"https:\\\/\\\/mosaiking.com\\\/es\\\/\",\"name\":\"Mosaiking\",\"description\":\"Passi\u00f3 per la teva marca\",\"potentialAction\":[{\"@type\":\"SearchAction\",\"target\":{\"@type\":\"EntryPoint\",\"urlTemplate\":\"https:\\\/\\\/mosaiking.com\\\/es\\\/?s={search_term_string}\"},\"query-input\":{\"@type\":\"PropertyValueSpecification\",\"valueRequired\":true,\"valueName\":\"search_term_string\"}}],\"inLanguage\":\"es\"},{\"@type\":\"Person\",\"@id\":\"https:\\\/\\\/mosaiking.com\\\/es\\\/#\\\/schema\\\/person\\\/82ca1cf5e82902eee8857e4ad13902f1\",\"name\":\"Mosaiking\",\"image\":{\"@type\":\"ImageObject\",\"inLanguage\":\"es\",\"@id\":\"https:\\\/\\\/secure.gravatar.com\\\/avatar\\\/c7ea4bff8764dce161f8b55c91d0d751213c47808c77d9da68dae2b5e4fed52b?s=96&d=mm&r=g\",\"url\":\"https:\\\/\\\/secure.gravatar.com\\\/avatar\\\/c7ea4bff8764dce161f8b55c91d0d751213c47808c77d9da68dae2b5e4fed52b?s=96&d=mm&r=g\",\"contentUrl\":\"https:\\\/\\\/secure.gravatar.com\\\/avatar\\\/c7ea4bff8764dce161f8b55c91d0d751213c47808c77d9da68dae2b5e4fed52b?s=96&d=mm&r=g\",\"caption\":\"Mosaiking\"},\"sameAs\":[\"https:\\\/\\\/mosaiking.com\"]}]}<\/script>\n<!-- \/ Yoast SEO plugin. -->","yoast_head_json":{"title":"Marques en temps de #COVID - Mosaiking","description":"Ahir vaig tenir el plaer de participar en un nou #fightingCOVID (Instagram Live) organitzat pel Col\u00b7legi del M\u00e0rqueting, la Comunicaci\u00f3, la Publicitat i Com comunicar la teva marca en temps de COVID per Mosaiking Comunicaci\u00f3","robots":{"index":"index","follow":"follow","max-snippet":"max-snippet:-1","max-image-preview":"max-image-preview:large","max-video-preview":"max-video-preview:-1"},"canonical":"https:\/\/mosaiking.com\/es\/marques-en-temps-de-covid\/","og_locale":"es_ES","og_type":"article","og_title":"Marques en temps de #COVID - Mosaiking","og_description":"Ahir vaig tenir el plaer de participar en un nou #fightingCOVID (Instagram Live) organitzat pel Col\u00b7legi del M\u00e0rqueting, la Comunicaci\u00f3, la Publicitat i Com comunicar la teva marca en temps de COVID per Mosaiking Comunicaci\u00f3","og_url":"https:\/\/mosaiking.com\/es\/marques-en-temps-de-covid\/","og_site_name":"Mosaiking","article_published_time":"2020-06-12T06:43:54+00:00","og_image":[{"width":240,"height":240,"url":"https:\/\/mosaiking.com\/wp-content\/uploads\/2020\/06\/BrandsCovidTimes640x640-1.jpeg","type":"image\/jpeg"}],"author":"Mosaiking","twitter_card":"summary_large_image","twitter_misc":{"Escrito por":"Mosaiking","Tiempo de lectura":"2 minutos"},"schema":{"@context":"https:\/\/schema.org","@graph":[{"@type":"Article","@id":"https:\/\/mosaiking.com\/es\/marques-en-temps-de-covid\/#article","isPartOf":{"@id":"https:\/\/mosaiking.com\/es\/marques-en-temps-de-covid\/"},"author":{"name":"Mosaiking","@id":"https:\/\/mosaiking.com\/es\/#\/schema\/person\/82ca1cf5e82902eee8857e4ad13902f1"},"headline":"Marques en temps de #COVID","datePublished":"2020-06-12T06:43:54+00:00","mainEntityOfPage":{"@id":"https:\/\/mosaiking.com\/es\/marques-en-temps-de-covid\/"},"wordCount":347,"image":{"@id":"https:\/\/mosaiking.com\/es\/marques-en-temps-de-covid\/#primaryimage"},"thumbnailUrl":"https:\/\/mosaiking.com\/wp-content\/uploads\/2020\/06\/BrandsCovidTimes640x640-1.jpeg","articleSection":["General"],"inLanguage":"es"},{"@type":"WebPage","@id":"https:\/\/mosaiking.com\/es\/marques-en-temps-de-covid\/","url":"https:\/\/mosaiking.com\/es\/marques-en-temps-de-covid\/","name":"Marques en temps de #COVID - Mosaiking","isPartOf":{"@id":"https:\/\/mosaiking.com\/es\/#website"},"primaryImageOfPage":{"@id":"https:\/\/mosaiking.com\/es\/marques-en-temps-de-covid\/#primaryimage"},"image":{"@id":"https:\/\/mosaiking.com\/es\/marques-en-temps-de-covid\/#primaryimage"},"thumbnailUrl":"https:\/\/mosaiking.com\/wp-content\/uploads\/2020\/06\/BrandsCovidTimes640x640-1.jpeg","datePublished":"2020-06-12T06:43:54+00:00","author":{"@id":"https:\/\/mosaiking.com\/es\/#\/schema\/person\/82ca1cf5e82902eee8857e4ad13902f1"},"description":"Ahir vaig tenir el plaer de participar en un nou #fightingCOVID (Instagram Live) organitzat pel Col\u00b7legi del M\u00e0rqueting, la Comunicaci\u00f3, la Publicitat i Com comunicar la teva marca en temps de COVID per Mosaiking Comunicaci\u00f3","breadcrumb":{"@id":"https:\/\/mosaiking.com\/es\/marques-en-temps-de-covid\/#breadcrumb"},"inLanguage":"es","potentialAction":[{"@type":"ReadAction","target":["https:\/\/mosaiking.com\/es\/marques-en-temps-de-covid\/"]}]},{"@type":"ImageObject","inLanguage":"es","@id":"https:\/\/mosaiking.com\/es\/marques-en-temps-de-covid\/#primaryimage","url":"https:\/\/mosaiking.com\/wp-content\/uploads\/2020\/06\/BrandsCovidTimes640x640-1.jpeg","contentUrl":"https:\/\/mosaiking.com\/wp-content\/uploads\/2020\/06\/BrandsCovidTimes640x640-1.jpeg","width":240,"height":240,"caption":"Marques en temps de COVID"},{"@type":"BreadcrumbList","@id":"https:\/\/mosaiking.com\/es\/marques-en-temps-de-covid\/#breadcrumb","itemListElement":[{"@type":"ListItem","position":1,"name":"Portada","item":"https:\/\/mosaiking.com\/es\/mosaiking-pasion-por-las-marcas\/"},{"@type":"ListItem","position":2,"name":"Marques en temps de #COVID"}]},{"@type":"WebSite","@id":"https:\/\/mosaiking.com\/es\/#website","url":"https:\/\/mosaiking.com\/es\/","name":"Mosaiking","description":"Passi\u00f3 per la teva marca","potentialAction":[{"@type":"SearchAction","target":{"@type":"EntryPoint","urlTemplate":"https:\/\/mosaiking.com\/es\/?s={search_term_string}"},"query-input":{"@type":"PropertyValueSpecification","valueRequired":true,"valueName":"search_term_string"}}],"inLanguage":"es"},{"@type":"Person","@id":"https:\/\/mosaiking.com\/es\/#\/schema\/person\/82ca1cf5e82902eee8857e4ad13902f1","name":"Mosaiking","image":{"@type":"ImageObject","inLanguage":"es","@id":"https:\/\/secure.gravatar.com\/avatar\/c7ea4bff8764dce161f8b55c91d0d751213c47808c77d9da68dae2b5e4fed52b?s=96&d=mm&r=g","url":"https:\/\/secure.gravatar.com\/avatar\/c7ea4bff8764dce161f8b55c91d0d751213c47808c77d9da68dae2b5e4fed52b?s=96&d=mm&r=g","contentUrl":"https:\/\/secure.gravatar.com\/avatar\/c7ea4bff8764dce161f8b55c91d0d751213c47808c77d9da68dae2b5e4fed52b?s=96&d=mm&r=g","caption":"Mosaiking"},"sameAs":["https:\/\/mosaiking.com"]}]}},"_links":{"self":[{"href":"https:\/\/mosaiking.com\/es\/wp-json\/wp\/v2\/posts\/3692","targetHints":{"allow":["GET"]}}],"collection":[{"href":"https:\/\/mosaiking.com\/es\/wp-json\/wp\/v2\/posts"}],"about":[{"href":"https:\/\/mosaiking.com\/es\/wp-json\/wp\/v2\/types\/post"}],"author":[{"embeddable":true,"href":"https:\/\/mosaiking.com\/es\/wp-json\/wp\/v2\/users\/1"}],"replies":[{"embeddable":true,"href":"https:\/\/mosaiking.com\/es\/wp-json\/wp\/v2\/comments?post=3692"}],"version-history":[{"count":0,"href":"https:\/\/mosaiking.com\/es\/wp-json\/wp\/v2\/posts\/3692\/revisions"}],"wp:featuredmedia":[{"embeddable":true,"href":"https:\/\/mosaiking.com\/es\/wp-json\/wp\/v2\/media\/3695"}],"wp:attachment":[{"href":"https:\/\/mosaiking.com\/es\/wp-json\/wp\/v2\/media?parent=3692"}],"wp:term":[{"taxonomy":"category","embeddable":true,"href":"https:\/\/mosaiking.com\/es\/wp-json\/wp\/v2\/categories?post=3692"},{"taxonomy":"post_tag","embeddable":true,"href":"https:\/\/mosaiking.com\/es\/wp-json\/wp\/v2\/tags?post=3692"}],"curies":[{"name":"wp","href":"https:\/\/api.w.org\/{rel}","templated":true}]}}