{"id":673,"date":"2016-09-14T00:00:43","date_gmt":"2016-09-14T00:00:43","guid":{"rendered":"http:\/\/mosaiking.com\/?p=673"},"modified":"2016-09-14T00:00:43","modified_gmt":"2016-09-14T00:00:43","slug":"la-itv-la-teva-marca","status":"publish","type":"post","link":"https:\/\/mosaiking.com\/es\/la-itv-la-teva-marca\/","title":{"rendered":"La ITV de la teva marca"},"content":{"rendered":"<p class=\"CosA\"><span style=\"color: #333333;\"><strong>Una ITV per la teva marca?<\/strong><\/span><\/p>\n<p class=\"CosA\"><span style=\"color: #333333;\">Comen\u00e7a el curs. I amb el nou curs, els bons prop\u00f2sits, personals i professionals. I els petits empresaris, decisors del seu propi futur, amb ganes que aquest nou per\u00edode despr\u00e9s de vacances aporti molts \u00e8xits al seu negoci.<\/span><\/p>\n<p class=\"CosA\"><span style=\"color: #333333;\">Qui no ha experimentat ganes de canvi o sensacions diferents en tornar de vacances? Qui un 31 d\u2019agost, en arribar a casa, no ha tingut aquella necessitat de canviar el color de les parets o de moure el gerro d\u2019aquell rac\u00f3 on ha estat sempre? Qui de cop no t\u00e9 ganes de deixar el que ha fet sempre, per sentir-se diferent, per obtenir coses diferents?<\/span><\/p>\n<p class=\"CosA\"><span style=\"color: #333333;\">I tu, per qu\u00e8 no proves de fer un petit canvi amb la teva marca? Amb la teva web? Amb\u2026? Una evoluci\u00f3. Aqu\u00ed unes pistes per mirar d\u2019assolir petits canvis.<\/span><\/p>\n<p><span style=\"color: #333333;\"><strong>1. Diferencia\u2019t amb subtilesa, <\/strong>en qu\u00e8 ets diferent dels altres. I a poder ser en qu\u00e8 ets millor i \u00fanic. En Risto Mejide en diu <em>la raresa de la teva marca<\/em>. Jo, i molts altres, en diem, quin \u00e9s el teu avantatge diferencial. Perqu\u00e8 tu i no el de la cantonada. Si fins ara no ho has dit, pensat en qu\u00e8 ets diferent i fes-ho saber al m\u00f3n!<\/span><\/p>\n<p><span style=\"color: #333333;\"><strong>2. Crea\u2019t una imatge que quedi,<\/strong> qu\u00e8 dir i com dir-ho \u00e9s el m\u00e9s important de tot. Una imatge que comuniqui qu\u00e8 ets o qu\u00e8 fas (o qui ets), de forma not\u00f2ria i memorable \u00e9s una bona imatge.<\/span><\/p>\n<p><span style=\"color: #333333;\"><strong>3. No deixis mai de banda l\u2019ess\u00e8ncia original, <\/strong>l\u2019ess\u00e8ncia \u00e9s el teu ADN. I un no ha de renunciar mai al seu. L\u2019origen i la ra\u00f3 de ser hi ha de seguir essent sempre.<\/span><\/p>\n<p><span style=\"color: #333333;\"><strong>4. Aspira que la teva marca acompanyi a l\u2019usuari, <\/strong>no perdis de vista el desig i les necessitats del teu consumidor. Introdueix canvis s\u00ed, per\u00f2 per satisfer i fer la vida m\u00e9s f\u00e0cil. Que formis part del seu modus vivendi. Que l\u2019usuari senti orgull de passejar la teva marca per tot arreu.<\/span><\/p>\n<p><span style=\"color: #333333;\"><strong>5. Pren-te el teu temps. <\/strong>Et caldr\u00e0 observaci\u00f3, an\u00e0lisi, diagn\u00f2stic, reflexi\u00f3, planificaci\u00f3, organitzaci\u00f3\u2026 Els canvis, les evolucions, no s\u00f3n tasca d\u2019un dia\u2026<\/span><\/p>\n<p><span style=\"color: #333333;\"><strong>Dos bons exemples:<\/strong><\/span><\/p>\n<p class=\"CosA\"><span style=\"color: #333333;\">El logo d\u2019<strong>Apple<\/strong> va ser dissenyat pel co-fundador Ronald Wayne i no va durar ni un any. Steve Jobs va demanar un redisseny perqu\u00e8 creia que la il\u00b7lustraci\u00f3 de Newton assegut sota una poma era massa intel\u00b7lectual per un ordinador. L\u2019ara ic\u00f2nica imatge de la poma mossegada, ha estat amb l\u2019empresa des de 1976 per\u00f2 amb diferents reinvencions. Subtils, analitzades, amb l\u2019ADN de sempre, amb una bona imatge, formant part sempre del dia a dia del client\u2026<\/span><\/p>\n<p class=\"CosA\"><span style=\"color: #333333;\"><img decoding=\"async\" src=\"https:\/\/gallery.mailchimp.com\/7755a1373679b516f960f5f3a\/images\/ce975aca-6779-4315-9a0f-6941f7320bab.png\" alt=\"\" width=\"315\" height=\"133\" align=\"none\" \/><\/span><\/p>\n<p class=\"CosA\"><span style=\"color: #333333;\">La popular marca<strong> Lego<\/strong>, avui una marca de prestigi, va tenir un humil origen en la d\u00e8cada del 1930. Les primeres versions del logo van ser usades com una calcomania de joguines de fusta. Per 1953 va apar\u00e8ixer la primera versi\u00f3 de la bombolla blanca amb el fons vermell. A partir d\u2019aqu\u00ed hi han anat havent diferents canvis. Tots subtils, reflexionats, mantenint l\u2019ess\u00e8ncia de la marca i acompanyant a l\u2019usuari en tot moment\u2026<\/span><\/p>\n<p class=\"CosA\"><span style=\"color: #333333;\">\u00a0<img decoding=\"async\" src=\"https:\/\/gallery.mailchimp.com\/7755a1373679b516f960f5f3a\/images\/6be4eea5-10ea-4eb2-a662-8991d3b4a5b6.jpg\" alt=\"\" width=\"296\" height=\"113\" align=\"none\" \/><\/span><\/p>\n<p class=\"CosA\"><span style=\"color: #333333;\">I tu? Com tens la teva marca? La teva imatge? La teva web? La teva campanya? La teva estrat\u00e8gia on-line?<\/span><br \/>\n<span style=\"color: #333333;\">No tens ganes que la teva marca passi una ITV? Nosaltres la vam passar ara fa uns dies. Resultat: <a style=\"color: #333333;\" href=\"https:\/\/mosaiking.com\" target=\"_blank\" rel=\"noopener\">nova p\u00e0gina web de <strong>Mosaiking<\/strong> Comunicaci\u00f3.<\/a><\/span><\/p>\n","protected":false},"excerpt":{"rendered":"<p>Una ITV per la teva marca? Comen\u00e7a el curs. I amb el nou curs, els bons prop\u00f2sits, personals i professionals. I els petits empresaris, decisors del seu propi futur, amb ganes que aquest nou per\u00edode despr\u00e9s de vacances aporti molts \u00e8xits al seu negoci. Qui no ha experimentat ganes de canvi o sensacions diferents en [&hellip;]<\/p>\n","protected":false},"author":1,"featured_media":7654,"comment_status":"closed","ping_status":"open","sticky":false,"template":"","format":"standard","meta":{"ocean_post_layout":"","ocean_both_sidebars_style":"","ocean_both_sidebars_content_width":0,"ocean_both_sidebars_sidebars_width":0,"ocean_sidebar":"","ocean_second_sidebar":"","ocean_disable_margins":"enable","ocean_add_body_class":"","ocean_shortcode_before_top_bar":"","ocean_shortcode_after_top_bar":"","ocean_shortcode_before_header":"","ocean_shortcode_after_header":"","ocean_has_shortcode":"","ocean_shortcode_after_title":"","ocean_shortcode_before_footer_widgets":"","ocean_shortcode_after_footer_widgets":"","ocean_shortcode_before_footer_bottom":"","ocean_shortcode_after_footer_bottom":"","ocean_display_top_bar":"default","ocean_display_header":"default","ocean_header_style":"","ocean_center_header_left_menu":"","ocean_custom_header_template":"","ocean_custom_logo":0,"ocean_custom_retina_logo":0,"ocean_custom_logo_max_width":0,"ocean_custom_logo_tablet_max_width":0,"ocean_custom_logo_mobile_max_width":0,"ocean_custom_logo_max_height":0,"ocean_custom_logo_tablet_max_height":0,"ocean_custom_logo_mobile_max_height":0,"ocean_header_custom_menu":"","ocean_menu_typo_font_family":"","ocean_menu_typo_font_subset":"","ocean_menu_typo_font_size":0,"ocean_menu_typo_font_size_tablet":0,"ocean_menu_typo_font_size_mobile":0,"ocean_menu_typo_font_size_unit":"px","ocean_menu_typo_font_weight":"","ocean_menu_typo_font_weight_tablet":"","ocean_menu_typo_font_weight_mobile":"","ocean_menu_typo_transform":"","ocean_menu_typo_transform_tablet":"","ocean_menu_typo_transform_mobile":"","ocean_menu_typo_line_height":0,"ocean_menu_typo_line_height_tablet":0,"ocean_menu_typo_line_height_mobile":0,"ocean_menu_typo_line_height_unit":"","ocean_menu_typo_spacing":0,"ocean_menu_typo_spacing_tablet":0,"ocean_menu_typo_spacing_mobile":0,"ocean_menu_typo_spacing_unit":"","ocean_menu_link_color":"","ocean_menu_link_color_hover":"","ocean_menu_link_color_active":"","ocean_menu_link_background":"","ocean_menu_link_hover_background":"","ocean_menu_link_active_background":"","ocean_menu_social_links_bg":"","ocean_menu_social_hover_links_bg":"","ocean_menu_social_links_color":"","ocean_menu_social_hover_links_color":"","ocean_disable_title":"default","ocean_disable_heading":"default","ocean_post_title":"","ocean_post_subheading":"","ocean_post_title_style":"","ocean_post_title_background_color":"","ocean_post_title_background":0,"ocean_post_title_bg_image_position":"","ocean_post_title_bg_image_attachment":"","ocean_post_title_bg_image_repeat":"","ocean_post_title_bg_image_size":"","ocean_post_title_height":0,"ocean_post_title_bg_overlay":0.5,"ocean_post_title_bg_overlay_color":"","ocean_disable_breadcrumbs":"default","ocean_breadcrumbs_color":"","ocean_breadcrumbs_separator_color":"","ocean_breadcrumbs_links_color":"","ocean_breadcrumbs_links_hover_color":"","ocean_display_footer_widgets":"default","ocean_display_footer_bottom":"default","ocean_custom_footer_template":"","_joinchat":[],"ocean_post_oembed":"","ocean_post_self_hosted_media":"","ocean_post_video_embed":"","ocean_link_format":"","ocean_link_format_target":"self","ocean_quote_format":"","ocean_quote_format_link":"post","ocean_gallery_link_images":"on","ocean_gallery_id":[],"footnotes":""},"categories":[11],"tags":[],"class_list":["post-673","post","type-post","status-publish","format-standard","has-post-thumbnail","hentry","category-mosaiking-comunicacio","entry","has-media"],"yoast_head":"<!-- This site is optimized with the Yoast SEO plugin v27.5 - https:\/\/yoast.com\/product\/yoast-seo-wordpress\/ -->\n<title>La ITV de la teva marca | Blog | Mosaiking Comunicaci\u00f3<\/title>\n<meta name=\"description\" content=\"Comen\u00e7a el curs. I amb el nou curs, els bons prop\u00f2sits, personals i professionals. I els petits empresaris, decisors del seu propi futur, amb ganes que aquest nou per\u00edode despr\u00e9s de vacances aporti molts \u00e8xits al seu negoci.\" \/>\n<meta name=\"robots\" content=\"index, follow, max-snippet:-1, max-image-preview:large, max-video-preview:-1\" \/>\n<link rel=\"canonical\" href=\"https:\/\/mosaiking.com\/es\/la-itv-la-teva-marca\/\" \/>\n<meta property=\"og:locale\" content=\"es_ES\" \/>\n<meta property=\"og:type\" content=\"article\" \/>\n<meta property=\"og:title\" content=\"La ITV de la teva marca | Blog | Mosaiking Comunicaci\u00f3\" \/>\n<meta property=\"og:description\" content=\"Comen\u00e7a el curs. I amb el nou curs, els bons prop\u00f2sits, personals i professionals. I els petits empresaris, decisors del seu propi futur, amb ganes que aquest nou per\u00edode despr\u00e9s de vacances aporti molts \u00e8xits al seu negoci.\" \/>\n<meta property=\"og:url\" content=\"https:\/\/mosaiking.com\/es\/la-itv-la-teva-marca\/\" \/>\n<meta property=\"og:site_name\" content=\"Mosaiking\" \/>\n<meta property=\"article:published_time\" content=\"2016-09-14T00:00:43+00:00\" \/>\n<meta property=\"og:image\" content=\"https:\/\/mosaiking.com\/wp-content\/uploads\/2016\/09\/f9627826-927d-438e-b9c2-da96367c912c-e1530867638176.jpg\" \/>\n\t<meta property=\"og:image:width\" content=\"900\" \/>\n\t<meta property=\"og:image:height\" content=\"497\" \/>\n\t<meta property=\"og:image:type\" content=\"image\/jpeg\" \/>\n<meta name=\"author\" content=\"Mosaiking\" \/>\n<meta name=\"twitter:card\" content=\"summary_large_image\" \/>\n<meta name=\"twitter:label1\" content=\"Escrito por\" \/>\n\t<meta name=\"twitter:data1\" content=\"Mosaiking\" \/>\n\t<meta name=\"twitter:label2\" content=\"Tiempo de lectura\" \/>\n\t<meta name=\"twitter:data2\" content=\"3 minutos\" \/>\n<script type=\"application\/ld+json\" class=\"yoast-schema-graph\">{\"@context\":\"https:\\\/\\\/schema.org\",\"@graph\":[{\"@type\":\"Article\",\"@id\":\"https:\\\/\\\/mosaiking.com\\\/es\\\/la-itv-la-teva-marca\\\/#article\",\"isPartOf\":{\"@id\":\"https:\\\/\\\/mosaiking.com\\\/es\\\/la-itv-la-teva-marca\\\/\"},\"author\":{\"name\":\"Mosaiking\",\"@id\":\"https:\\\/\\\/mosaiking.com\\\/es\\\/#\\\/schema\\\/person\\\/82ca1cf5e82902eee8857e4ad13902f1\"},\"headline\":\"La ITV de la teva marca\",\"datePublished\":\"2016-09-14T00:00:43+00:00\",\"mainEntityOfPage\":{\"@id\":\"https:\\\/\\\/mosaiking.com\\\/es\\\/la-itv-la-teva-marca\\\/\"},\"wordCount\":588,\"image\":{\"@id\":\"https:\\\/\\\/mosaiking.com\\\/es\\\/la-itv-la-teva-marca\\\/#primaryimage\"},\"thumbnailUrl\":\"https:\\\/\\\/mosaiking.com\\\/wp-content\\\/uploads\\\/2016\\\/09\\\/f9627826-927d-438e-b9c2-da96367c912c-e1530867638176.jpg\",\"articleSection\":[\"Mosaiking Comunicaci\u00f3\"],\"inLanguage\":\"es\"},{\"@type\":\"WebPage\",\"@id\":\"https:\\\/\\\/mosaiking.com\\\/es\\\/la-itv-la-teva-marca\\\/\",\"url\":\"https:\\\/\\\/mosaiking.com\\\/es\\\/la-itv-la-teva-marca\\\/\",\"name\":\"La ITV de la teva marca | Blog | Mosaiking Comunicaci\u00f3\",\"isPartOf\":{\"@id\":\"https:\\\/\\\/mosaiking.com\\\/es\\\/#website\"},\"primaryImageOfPage\":{\"@id\":\"https:\\\/\\\/mosaiking.com\\\/es\\\/la-itv-la-teva-marca\\\/#primaryimage\"},\"image\":{\"@id\":\"https:\\\/\\\/mosaiking.com\\\/es\\\/la-itv-la-teva-marca\\\/#primaryimage\"},\"thumbnailUrl\":\"https:\\\/\\\/mosaiking.com\\\/wp-content\\\/uploads\\\/2016\\\/09\\\/f9627826-927d-438e-b9c2-da96367c912c-e1530867638176.jpg\",\"datePublished\":\"2016-09-14T00:00:43+00:00\",\"author\":{\"@id\":\"https:\\\/\\\/mosaiking.com\\\/es\\\/#\\\/schema\\\/person\\\/82ca1cf5e82902eee8857e4ad13902f1\"},\"description\":\"Comen\u00e7a el curs. I amb el nou curs, els bons prop\u00f2sits, personals i professionals. I els petits empresaris, decisors del seu propi futur, amb ganes que aquest nou per\u00edode despr\u00e9s de vacances aporti molts \u00e8xits al seu negoci.\",\"breadcrumb\":{\"@id\":\"https:\\\/\\\/mosaiking.com\\\/es\\\/la-itv-la-teva-marca\\\/#breadcrumb\"},\"inLanguage\":\"es\",\"potentialAction\":[{\"@type\":\"ReadAction\",\"target\":[\"https:\\\/\\\/mosaiking.com\\\/es\\\/la-itv-la-teva-marca\\\/\"]}]},{\"@type\":\"ImageObject\",\"inLanguage\":\"es\",\"@id\":\"https:\\\/\\\/mosaiking.com\\\/es\\\/la-itv-la-teva-marca\\\/#primaryimage\",\"url\":\"https:\\\/\\\/mosaiking.com\\\/wp-content\\\/uploads\\\/2016\\\/09\\\/f9627826-927d-438e-b9c2-da96367c912c-e1530867638176.jpg\",\"contentUrl\":\"https:\\\/\\\/mosaiking.com\\\/wp-content\\\/uploads\\\/2016\\\/09\\\/f9627826-927d-438e-b9c2-da96367c912c-e1530867638176.jpg\",\"width\":900,\"height\":497,\"caption\":\"La ITV de la teva marca\"},{\"@type\":\"BreadcrumbList\",\"@id\":\"https:\\\/\\\/mosaiking.com\\\/es\\\/la-itv-la-teva-marca\\\/#breadcrumb\",\"itemListElement\":[{\"@type\":\"ListItem\",\"position\":1,\"name\":\"Portada\",\"item\":\"https:\\\/\\\/mosaiking.com\\\/es\\\/mosaiking-pasion-por-las-marcas\\\/\"},{\"@type\":\"ListItem\",\"position\":2,\"name\":\"La ITV de la teva marca\"}]},{\"@type\":\"WebSite\",\"@id\":\"https:\\\/\\\/mosaiking.com\\\/es\\\/#website\",\"url\":\"https:\\\/\\\/mosaiking.com\\\/es\\\/\",\"name\":\"Mosaiking\",\"description\":\"Passi\u00f3 per la teva marca\",\"potentialAction\":[{\"@type\":\"SearchAction\",\"target\":{\"@type\":\"EntryPoint\",\"urlTemplate\":\"https:\\\/\\\/mosaiking.com\\\/es\\\/?s={search_term_string}\"},\"query-input\":{\"@type\":\"PropertyValueSpecification\",\"valueRequired\":true,\"valueName\":\"search_term_string\"}}],\"inLanguage\":\"es\"},{\"@type\":\"Person\",\"@id\":\"https:\\\/\\\/mosaiking.com\\\/es\\\/#\\\/schema\\\/person\\\/82ca1cf5e82902eee8857e4ad13902f1\",\"name\":\"Mosaiking\",\"image\":{\"@type\":\"ImageObject\",\"inLanguage\":\"es\",\"@id\":\"https:\\\/\\\/secure.gravatar.com\\\/avatar\\\/c7ea4bff8764dce161f8b55c91d0d751213c47808c77d9da68dae2b5e4fed52b?s=96&d=mm&r=g\",\"url\":\"https:\\\/\\\/secure.gravatar.com\\\/avatar\\\/c7ea4bff8764dce161f8b55c91d0d751213c47808c77d9da68dae2b5e4fed52b?s=96&d=mm&r=g\",\"contentUrl\":\"https:\\\/\\\/secure.gravatar.com\\\/avatar\\\/c7ea4bff8764dce161f8b55c91d0d751213c47808c77d9da68dae2b5e4fed52b?s=96&d=mm&r=g\",\"caption\":\"Mosaiking\"},\"sameAs\":[\"https:\\\/\\\/mosaiking.com\"]}]}<\/script>\n<!-- \/ Yoast SEO plugin. -->","yoast_head_json":{"title":"La ITV de la teva marca | Blog | Mosaiking Comunicaci\u00f3","description":"Comen\u00e7a el curs. I amb el nou curs, els bons prop\u00f2sits, personals i professionals. I els petits empresaris, decisors del seu propi futur, amb ganes que aquest nou per\u00edode despr\u00e9s de vacances aporti molts \u00e8xits al seu negoci.","robots":{"index":"index","follow":"follow","max-snippet":"max-snippet:-1","max-image-preview":"max-image-preview:large","max-video-preview":"max-video-preview:-1"},"canonical":"https:\/\/mosaiking.com\/es\/la-itv-la-teva-marca\/","og_locale":"es_ES","og_type":"article","og_title":"La ITV de la teva marca | Blog | Mosaiking Comunicaci\u00f3","og_description":"Comen\u00e7a el curs. I amb el nou curs, els bons prop\u00f2sits, personals i professionals. I els petits empresaris, decisors del seu propi futur, amb ganes que aquest nou per\u00edode despr\u00e9s de vacances aporti molts \u00e8xits al seu negoci.","og_url":"https:\/\/mosaiking.com\/es\/la-itv-la-teva-marca\/","og_site_name":"Mosaiking","article_published_time":"2016-09-14T00:00:43+00:00","og_image":[{"width":900,"height":497,"url":"https:\/\/mosaiking.com\/wp-content\/uploads\/2016\/09\/f9627826-927d-438e-b9c2-da96367c912c-e1530867638176.jpg","type":"image\/jpeg"}],"author":"Mosaiking","twitter_card":"summary_large_image","twitter_misc":{"Escrito por":"Mosaiking","Tiempo de lectura":"3 minutos"},"schema":{"@context":"https:\/\/schema.org","@graph":[{"@type":"Article","@id":"https:\/\/mosaiking.com\/es\/la-itv-la-teva-marca\/#article","isPartOf":{"@id":"https:\/\/mosaiking.com\/es\/la-itv-la-teva-marca\/"},"author":{"name":"Mosaiking","@id":"https:\/\/mosaiking.com\/es\/#\/schema\/person\/82ca1cf5e82902eee8857e4ad13902f1"},"headline":"La ITV de la teva marca","datePublished":"2016-09-14T00:00:43+00:00","mainEntityOfPage":{"@id":"https:\/\/mosaiking.com\/es\/la-itv-la-teva-marca\/"},"wordCount":588,"image":{"@id":"https:\/\/mosaiking.com\/es\/la-itv-la-teva-marca\/#primaryimage"},"thumbnailUrl":"https:\/\/mosaiking.com\/wp-content\/uploads\/2016\/09\/f9627826-927d-438e-b9c2-da96367c912c-e1530867638176.jpg","articleSection":["Mosaiking Comunicaci\u00f3"],"inLanguage":"es"},{"@type":"WebPage","@id":"https:\/\/mosaiking.com\/es\/la-itv-la-teva-marca\/","url":"https:\/\/mosaiking.com\/es\/la-itv-la-teva-marca\/","name":"La ITV de la teva marca | Blog | Mosaiking Comunicaci\u00f3","isPartOf":{"@id":"https:\/\/mosaiking.com\/es\/#website"},"primaryImageOfPage":{"@id":"https:\/\/mosaiking.com\/es\/la-itv-la-teva-marca\/#primaryimage"},"image":{"@id":"https:\/\/mosaiking.com\/es\/la-itv-la-teva-marca\/#primaryimage"},"thumbnailUrl":"https:\/\/mosaiking.com\/wp-content\/uploads\/2016\/09\/f9627826-927d-438e-b9c2-da96367c912c-e1530867638176.jpg","datePublished":"2016-09-14T00:00:43+00:00","author":{"@id":"https:\/\/mosaiking.com\/es\/#\/schema\/person\/82ca1cf5e82902eee8857e4ad13902f1"},"description":"Comen\u00e7a el curs. I amb el nou curs, els bons prop\u00f2sits, personals i professionals. I els petits empresaris, decisors del seu propi futur, amb ganes que aquest nou per\u00edode despr\u00e9s de vacances aporti molts \u00e8xits al seu negoci.","breadcrumb":{"@id":"https:\/\/mosaiking.com\/es\/la-itv-la-teva-marca\/#breadcrumb"},"inLanguage":"es","potentialAction":[{"@type":"ReadAction","target":["https:\/\/mosaiking.com\/es\/la-itv-la-teva-marca\/"]}]},{"@type":"ImageObject","inLanguage":"es","@id":"https:\/\/mosaiking.com\/es\/la-itv-la-teva-marca\/#primaryimage","url":"https:\/\/mosaiking.com\/wp-content\/uploads\/2016\/09\/f9627826-927d-438e-b9c2-da96367c912c-e1530867638176.jpg","contentUrl":"https:\/\/mosaiking.com\/wp-content\/uploads\/2016\/09\/f9627826-927d-438e-b9c2-da96367c912c-e1530867638176.jpg","width":900,"height":497,"caption":"La ITV de la teva marca"},{"@type":"BreadcrumbList","@id":"https:\/\/mosaiking.com\/es\/la-itv-la-teva-marca\/#breadcrumb","itemListElement":[{"@type":"ListItem","position":1,"name":"Portada","item":"https:\/\/mosaiking.com\/es\/mosaiking-pasion-por-las-marcas\/"},{"@type":"ListItem","position":2,"name":"La ITV de la teva marca"}]},{"@type":"WebSite","@id":"https:\/\/mosaiking.com\/es\/#website","url":"https:\/\/mosaiking.com\/es\/","name":"Mosaiking","description":"Passi\u00f3 per la teva marca","potentialAction":[{"@type":"SearchAction","target":{"@type":"EntryPoint","urlTemplate":"https:\/\/mosaiking.com\/es\/?s={search_term_string}"},"query-input":{"@type":"PropertyValueSpecification","valueRequired":true,"valueName":"search_term_string"}}],"inLanguage":"es"},{"@type":"Person","@id":"https:\/\/mosaiking.com\/es\/#\/schema\/person\/82ca1cf5e82902eee8857e4ad13902f1","name":"Mosaiking","image":{"@type":"ImageObject","inLanguage":"es","@id":"https:\/\/secure.gravatar.com\/avatar\/c7ea4bff8764dce161f8b55c91d0d751213c47808c77d9da68dae2b5e4fed52b?s=96&d=mm&r=g","url":"https:\/\/secure.gravatar.com\/avatar\/c7ea4bff8764dce161f8b55c91d0d751213c47808c77d9da68dae2b5e4fed52b?s=96&d=mm&r=g","contentUrl":"https:\/\/secure.gravatar.com\/avatar\/c7ea4bff8764dce161f8b55c91d0d751213c47808c77d9da68dae2b5e4fed52b?s=96&d=mm&r=g","caption":"Mosaiking"},"sameAs":["https:\/\/mosaiking.com"]}]}},"_links":{"self":[{"href":"https:\/\/mosaiking.com\/es\/wp-json\/wp\/v2\/posts\/673","targetHints":{"allow":["GET"]}}],"collection":[{"href":"https:\/\/mosaiking.com\/es\/wp-json\/wp\/v2\/posts"}],"about":[{"href":"https:\/\/mosaiking.com\/es\/wp-json\/wp\/v2\/types\/post"}],"author":[{"embeddable":true,"href":"https:\/\/mosaiking.com\/es\/wp-json\/wp\/v2\/users\/1"}],"replies":[{"embeddable":true,"href":"https:\/\/mosaiking.com\/es\/wp-json\/wp\/v2\/comments?post=673"}],"version-history":[{"count":0,"href":"https:\/\/mosaiking.com\/es\/wp-json\/wp\/v2\/posts\/673\/revisions"}],"wp:featuredmedia":[{"embeddable":true,"href":"https:\/\/mosaiking.com\/es\/wp-json\/wp\/v2\/media\/7654"}],"wp:attachment":[{"href":"https:\/\/mosaiking.com\/es\/wp-json\/wp\/v2\/media?parent=673"}],"wp:term":[{"taxonomy":"category","embeddable":true,"href":"https:\/\/mosaiking.com\/es\/wp-json\/wp\/v2\/categories?post=673"},{"taxonomy":"post_tag","embeddable":true,"href":"https:\/\/mosaiking.com\/es\/wp-json\/wp\/v2\/tags?post=673"}],"curies":[{"name":"wp","href":"https:\/\/api.w.org\/{rel}","templated":true}]}}