{"id":7740,"date":"2016-12-02T00:00:38","date_gmt":"2016-12-02T00:00:38","guid":{"rendered":"http:\/\/mosaiking.com\/?p=695"},"modified":"2016-12-02T00:00:38","modified_gmt":"2016-12-02T00:00:38","slug":"tic-tac","status":"publish","type":"post","link":"https:\/\/mosaiking.com\/es\/tic-tac\/","title":{"rendered":"Tic, tac"},"content":{"rendered":"<p><span class=\"Cap\"><em>Pl\u00e1ntate y Diles que no piensas fichar<\/em><\/span><span class=\"Cap\"><em>. Pon el reloj a la hora de los locos de atar<\/em><\/span><span class=\"Cap\">. Joaquin Sabina<\/span><\/p>\n<p><span class=\"Cap\">El 16 de novembre es va clausurar el XI Congreso Nacional para Racionalizar los Horarios Espa\u00f1oles. <\/span><\/p>\n<p class=\"CosA\"><span class=\"Cap\">A casa nostra la Generalitat de Catalunya acaba de llan\u00e7ar <a href=\"http:\/\/www.reformahoraria.cat\/\" target=\"_blank\" rel=\"noopener\">una campanya sobre la reforma hor\u00e0ria.<\/a>Una campanya per difondre els seus beneficis i sensibilitzar la ciutadania sota el lema <em>Trobarem temps dins del temps<\/em>, que durar\u00e0 fins al 18 de desembre.<br \/>\nLa campanya t\u00e9 un caire \u201cconceptual\u201d per fer entendre a la ciutadania \u201cque ha de trobar temps per a l\u2019oci, la cultura i la fam\u00edlia\u201d i t\u00e9 com a objectiu \u201ccrear una opini\u00f3 favorable\u201d dels ciutadans per adaptar els seus horaris als europeus, segons ha dit el director general de Difusi\u00f3 de la Generalitat, Ignasi Genov\u00e8s.<br \/>\nEls \u00fanics \u00e0mbits en els quals la Generalitat t\u00e9 compet\u00e8ncia per adoptar canvis horaris s\u00f3n l\u2019horari escolar, el de l\u2019oci i la funci\u00f3 p\u00fablica.<br \/>\nLa poblaci\u00f3 afectada per la conciliaci\u00f3 \u00e9s cada vegada m\u00e9s gran. En aquest sentit, llegim a l\u2019informe d\u2019 ARHOE que relaciona la impossibilitat de conciliar amb factors com la disminuci\u00f3 de la natalitat, els canvis en el paper de la dona i l\u2019home, l\u2019empitjorament de la desigualtat i la pobresa o la segregaci\u00f3 del mercat per g\u00e8nere, entre altres factors.<\/span><\/p>\n<p class=\"CosA\"><span class=\"Cap\">ARHOE ent\u00e9n que \u201cla conciliaci\u00f3 de la vida laboral, familiar i personal no \u00e9s elegible, \u00e9s una obligaci\u00f3\u201d. Des de la Generalitat apunten a la #reformahor\u00e0ria per acomodar l\u2019activitat laboral de Catalunya als horaris europeus i proposar\u00e0 un horari escolar de 8.00 a 16.00 a partir del curs 2018-2019. L\u2019aprovaci\u00f3 de la llei est\u00e0 prevista pel setembre del 2018, despr\u00e9s d\u2019un per\u00edode d\u2019informes i estudis que requerir\u00e0 molt consens de tots els grups pol\u00edtics.<br \/>\nAquesta reforma hor\u00e0ria tendeix a una organitzaci\u00f3 racional perqu\u00e8 ara sopem m\u00e9s tard que la resta del m\u00f3n, dormim una hora menys que a Europa i mengem en un horari intempestiu.<br \/>\nCal dinar entre el migdia i les dues, la sortida de les escoles hauria de ser a les quatre de la tarda i el l\u00edmit del prime time televisiu a les onze de la nit. Es tracta de compactar la jornada laboral, de flexibilitzar-la, i de gaudir de m\u00e9s temps lliure i aut\u00f2nom.<\/span><\/p>\n<p class=\"CosA\"><span class=\"Cap\">Aut\u00f2nom?! S\u00ed, aut\u00f2noma s\u00f3c jo! Emprenedora, al capdevant d\u2019una empresa, <a href=\"https:\/\/www.mosaiking.com\/\" target=\"_blank\" rel=\"noopener\"><strong>Mosaiking<\/strong>,<\/a>\u00a0 i mare de tres fills d\u2019edats i necessitats diferents.<\/span><\/p>\n<p class=\"CosA\"><span class=\"Cap\">La conciliaci\u00f3 \u00e9s un dret de tots per\u00f2 som les dones les m\u00e9s afectades pels conflictes que ocasiona i esdev\u00e9 un factor de desigualtat que ens dificulta l\u2019acc\u00e9s al mercat laboral, amb doble jornada, amb menys oportunitats de formaci\u00f3 i desenvolupament professional. Ja hi som! La mateixa cantarella de sempre! I tot i que est\u00e0 b\u00e9 que se\u2019n parli, cansa i molt\u2026 Els temps de les nostres \u00e0vies d\u2019aix\u00f2 no se\u2019n parlava, perqu\u00e8 molt probablement es desconeixia i es considerava a les dones les responsables de la cura de la llar i dels fills. B\u00e9, gaireb\u00e9 com ara. Tot i que cada vegada m\u00e9s els homes estan involucrats en l\u2019\u00e0mbit familiar i prefereixen conciliar m\u00e9s, som les dones les que quan obrim la porta de casa ens ve al cap l\u2019esl\u00f2gan de la campanya: \u201cLa vida que t\u2019espera\u201d. Com li vaig sentir dir a l\u2019Empar Moliner, a mi aquest esl\u00f2gan tamb\u00e9 em fa certa por i ara per ara no l\u2019entenc com a persona del g\u00e8nere femen\u00ed, en la clau positiva que com a publicista voldria transmetre. Que consti que m\u2019agradaria poder dinar a les 12\u202fh o com a molt tard a la 1, i sopar a quarts de vuit\u2026 Per\u00f2, i com li dic al meu client que no m\u2019hi puc reunir perqu\u00e8 jo dino a quarts d\u2019una, o que a les set el meu fill no pot entrenar a futbol per qu\u00e8 a les 8 estem sopant a casa?<\/span><\/p>\n<p class=\"CosA\"><span class=\"Cap\">Les claus: educaci\u00f3, empresa, comer\u00e7 i televisi\u00f3. #reformahoraria la vull viure<\/span><\/p>\n","protected":false},"excerpt":{"rendered":"<p>Pl\u00e1ntate y Diles que no piensas fichar. Pon el reloj a la hora de los locos de atar. Joaquin Sabina El 16 de novembre es va clausurar el XI Congreso Nacional para Racionalizar los Horarios Espa\u00f1oles. A casa nostra la Generalitat de Catalunya acaba de llan\u00e7ar una campanya sobre la reforma hor\u00e0ria.Una campanya per difondre [&hellip;]<\/p>\n","protected":false},"author":1,"featured_media":697,"comment_status":"closed","ping_status":"open","sticky":false,"template":"","format":"standard","meta":{"ocean_post_layout":"","ocean_both_sidebars_style":"","ocean_both_sidebars_content_width":0,"ocean_both_sidebars_sidebars_width":0,"ocean_sidebar":"","ocean_second_sidebar":"","ocean_disable_margins":"enable","ocean_add_body_class":"","ocean_shortcode_before_top_bar":"","ocean_shortcode_after_top_bar":"","ocean_shortcode_before_header":"","ocean_shortcode_after_header":"","ocean_has_shortcode":"","ocean_shortcode_after_title":"","ocean_shortcode_before_footer_widgets":"","ocean_shortcode_after_footer_widgets":"","ocean_shortcode_before_footer_bottom":"","ocean_shortcode_after_footer_bottom":"","ocean_display_top_bar":"default","ocean_display_header":"default","ocean_header_style":"","ocean_center_header_left_menu":"","ocean_custom_header_template":"","ocean_custom_logo":0,"ocean_custom_retina_logo":0,"ocean_custom_logo_max_width":0,"ocean_custom_logo_tablet_max_width":0,"ocean_custom_logo_mobile_max_width":0,"ocean_custom_logo_max_height":0,"ocean_custom_logo_tablet_max_height":0,"ocean_custom_logo_mobile_max_height":0,"ocean_header_custom_menu":"","ocean_menu_typo_font_family":"","ocean_menu_typo_font_subset":"","ocean_menu_typo_font_size":0,"ocean_menu_typo_font_size_tablet":0,"ocean_menu_typo_font_size_mobile":0,"ocean_menu_typo_font_size_unit":"px","ocean_menu_typo_font_weight":"","ocean_menu_typo_font_weight_tablet":"","ocean_menu_typo_font_weight_mobile":"","ocean_menu_typo_transform":"","ocean_menu_typo_transform_tablet":"","ocean_menu_typo_transform_mobile":"","ocean_menu_typo_line_height":0,"ocean_menu_typo_line_height_tablet":0,"ocean_menu_typo_line_height_mobile":0,"ocean_menu_typo_line_height_unit":"","ocean_menu_typo_spacing":0,"ocean_menu_typo_spacing_tablet":0,"ocean_menu_typo_spacing_mobile":0,"ocean_menu_typo_spacing_unit":"","ocean_menu_link_color":"","ocean_menu_link_color_hover":"","ocean_menu_link_color_active":"","ocean_menu_link_background":"","ocean_menu_link_hover_background":"","ocean_menu_link_active_background":"","ocean_menu_social_links_bg":"","ocean_menu_social_hover_links_bg":"","ocean_menu_social_links_color":"","ocean_menu_social_hover_links_color":"","ocean_disable_title":"default","ocean_disable_heading":"default","ocean_post_title":"","ocean_post_subheading":"","ocean_post_title_style":"","ocean_post_title_background_color":"","ocean_post_title_background":0,"ocean_post_title_bg_image_position":"","ocean_post_title_bg_image_attachment":"","ocean_post_title_bg_image_repeat":"","ocean_post_title_bg_image_size":"","ocean_post_title_height":0,"ocean_post_title_bg_overlay":0.5,"ocean_post_title_bg_overlay_color":"","ocean_disable_breadcrumbs":"default","ocean_breadcrumbs_color":"","ocean_breadcrumbs_separator_color":"","ocean_breadcrumbs_links_color":"","ocean_breadcrumbs_links_hover_color":"","ocean_display_footer_widgets":"default","ocean_display_footer_bottom":"default","ocean_custom_footer_template":"","_joinchat":[],"ocean_post_oembed":"","ocean_post_self_hosted_media":"","ocean_post_video_embed":"","ocean_link_format":"","ocean_link_format_target":"self","ocean_quote_format":"","ocean_quote_format_link":"post","ocean_gallery_link_images":"on","ocean_gallery_id":[],"footnotes":""},"categories":[14],"tags":[],"class_list":["post-7740","post","type-post","status-publish","format-standard","has-post-thumbnail","hentry","category-publicitat","entry","has-media"],"yoast_head":"<!-- This site is optimized with the Yoast SEO plugin v27.5 - https:\/\/yoast.com\/product\/yoast-seo-wordpress\/ -->\n<title>Tic, tac | Blog | Mosaiking Comunicaci\u00f3<\/title>\n<meta name=\"description\" content=\"El 16 de novembre es va clausurar el XI Congreso Nacional para Racionalizar los Horarios Espa\u00f1oles. A casa nostra la Generalitat de Catalunya acaba de llan\u00e7ar una campanya sobre la reforma hor\u00e0ria.\" \/>\n<meta name=\"robots\" content=\"index, follow, max-snippet:-1, max-image-preview:large, max-video-preview:-1\" \/>\n<link rel=\"canonical\" href=\"https:\/\/mosaiking.com\/es\/tic-tac\/\" \/>\n<meta property=\"og:locale\" content=\"es_ES\" \/>\n<meta property=\"og:type\" content=\"article\" \/>\n<meta property=\"og:title\" content=\"Tic, tac | Blog | Mosaiking Comunicaci\u00f3\" \/>\n<meta property=\"og:description\" content=\"El 16 de novembre es va clausurar el XI Congreso Nacional para Racionalizar los Horarios Espa\u00f1oles. A casa nostra la Generalitat de Catalunya acaba de llan\u00e7ar una campanya sobre la reforma hor\u00e0ria.\" \/>\n<meta property=\"og:url\" content=\"https:\/\/mosaiking.com\/es\/tic-tac\/\" \/>\n<meta property=\"og:site_name\" content=\"Mosaiking\" \/>\n<meta property=\"article:published_time\" content=\"2016-12-02T00:00:38+00:00\" \/>\n<meta property=\"og:image\" content=\"https:\/\/mosaiking.com\/wp-content\/uploads\/2016\/12\/344ba771-12f1-464f-bcc7-9fdff80d4437.png\" \/>\n\t<meta property=\"og:image:width\" content=\"250\" \/>\n\t<meta property=\"og:image:height\" content=\"215\" \/>\n\t<meta property=\"og:image:type\" content=\"image\/png\" \/>\n<meta name=\"author\" content=\"Mosaiking\" \/>\n<meta name=\"twitter:card\" content=\"summary_large_image\" \/>\n<meta name=\"twitter:label1\" content=\"Escrito por\" \/>\n\t<meta name=\"twitter:data1\" content=\"Mosaiking\" \/>\n\t<meta name=\"twitter:label2\" content=\"Tiempo de lectura\" \/>\n\t<meta name=\"twitter:data2\" content=\"3 minutos\" \/>\n<script type=\"application\/ld+json\" class=\"yoast-schema-graph\">{\"@context\":\"https:\\\/\\\/schema.org\",\"@graph\":[{\"@type\":\"Article\",\"@id\":\"https:\\\/\\\/mosaiking.com\\\/es\\\/tic-tac\\\/#article\",\"isPartOf\":{\"@id\":\"https:\\\/\\\/mosaiking.com\\\/es\\\/tic-tac\\\/\"},\"author\":{\"name\":\"Mosaiking\",\"@id\":\"https:\\\/\\\/mosaiking.com\\\/es\\\/#\\\/schema\\\/person\\\/82ca1cf5e82902eee8857e4ad13902f1\"},\"headline\":\"Tic, tac\",\"datePublished\":\"2016-12-02T00:00:38+00:00\",\"mainEntityOfPage\":{\"@id\":\"https:\\\/\\\/mosaiking.com\\\/es\\\/tic-tac\\\/\"},\"wordCount\":699,\"image\":{\"@id\":\"https:\\\/\\\/mosaiking.com\\\/es\\\/tic-tac\\\/#primaryimage\"},\"thumbnailUrl\":\"https:\\\/\\\/mosaiking.com\\\/wp-content\\\/uploads\\\/2016\\\/12\\\/344ba771-12f1-464f-bcc7-9fdff80d4437.png\",\"articleSection\":[\"Publicitat\"],\"inLanguage\":\"es\"},{\"@type\":\"WebPage\",\"@id\":\"https:\\\/\\\/mosaiking.com\\\/es\\\/tic-tac\\\/\",\"url\":\"https:\\\/\\\/mosaiking.com\\\/es\\\/tic-tac\\\/\",\"name\":\"Tic, tac | Blog | Mosaiking Comunicaci\u00f3\",\"isPartOf\":{\"@id\":\"https:\\\/\\\/mosaiking.com\\\/es\\\/#website\"},\"primaryImageOfPage\":{\"@id\":\"https:\\\/\\\/mosaiking.com\\\/es\\\/tic-tac\\\/#primaryimage\"},\"image\":{\"@id\":\"https:\\\/\\\/mosaiking.com\\\/es\\\/tic-tac\\\/#primaryimage\"},\"thumbnailUrl\":\"https:\\\/\\\/mosaiking.com\\\/wp-content\\\/uploads\\\/2016\\\/12\\\/344ba771-12f1-464f-bcc7-9fdff80d4437.png\",\"datePublished\":\"2016-12-02T00:00:38+00:00\",\"author\":{\"@id\":\"https:\\\/\\\/mosaiking.com\\\/es\\\/#\\\/schema\\\/person\\\/82ca1cf5e82902eee8857e4ad13902f1\"},\"description\":\"El 16 de novembre es va clausurar el XI Congreso Nacional para Racionalizar los Horarios Espa\u00f1oles. A casa nostra la Generalitat de Catalunya acaba de llan\u00e7ar una campanya sobre la reforma hor\u00e0ria.\",\"breadcrumb\":{\"@id\":\"https:\\\/\\\/mosaiking.com\\\/es\\\/tic-tac\\\/#breadcrumb\"},\"inLanguage\":\"es\",\"potentialAction\":[{\"@type\":\"ReadAction\",\"target\":[\"https:\\\/\\\/mosaiking.com\\\/es\\\/tic-tac\\\/\"]}]},{\"@type\":\"ImageObject\",\"inLanguage\":\"es\",\"@id\":\"https:\\\/\\\/mosaiking.com\\\/es\\\/tic-tac\\\/#primaryimage\",\"url\":\"https:\\\/\\\/mosaiking.com\\\/wp-content\\\/uploads\\\/2016\\\/12\\\/344ba771-12f1-464f-bcc7-9fdff80d4437.png\",\"contentUrl\":\"https:\\\/\\\/mosaiking.com\\\/wp-content\\\/uploads\\\/2016\\\/12\\\/344ba771-12f1-464f-bcc7-9fdff80d4437.png\",\"width\":250,\"height\":215,\"caption\":\"Mosaiking Comunicaci\u00f3 | Consultor\u00eda de publicidad\"},{\"@type\":\"BreadcrumbList\",\"@id\":\"https:\\\/\\\/mosaiking.com\\\/es\\\/tic-tac\\\/#breadcrumb\",\"itemListElement\":[{\"@type\":\"ListItem\",\"position\":1,\"name\":\"Portada\",\"item\":\"https:\\\/\\\/mosaiking.com\\\/es\\\/mosaiking-pasion-por-las-marcas\\\/\"},{\"@type\":\"ListItem\",\"position\":2,\"name\":\"Tic, tac\"}]},{\"@type\":\"WebSite\",\"@id\":\"https:\\\/\\\/mosaiking.com\\\/es\\\/#website\",\"url\":\"https:\\\/\\\/mosaiking.com\\\/es\\\/\",\"name\":\"Mosaiking\",\"description\":\"Passi\u00f3 per la teva marca\",\"potentialAction\":[{\"@type\":\"SearchAction\",\"target\":{\"@type\":\"EntryPoint\",\"urlTemplate\":\"https:\\\/\\\/mosaiking.com\\\/es\\\/?s={search_term_string}\"},\"query-input\":{\"@type\":\"PropertyValueSpecification\",\"valueRequired\":true,\"valueName\":\"search_term_string\"}}],\"inLanguage\":\"es\"},{\"@type\":\"Person\",\"@id\":\"https:\\\/\\\/mosaiking.com\\\/es\\\/#\\\/schema\\\/person\\\/82ca1cf5e82902eee8857e4ad13902f1\",\"name\":\"Mosaiking\",\"image\":{\"@type\":\"ImageObject\",\"inLanguage\":\"es\",\"@id\":\"https:\\\/\\\/secure.gravatar.com\\\/avatar\\\/c7ea4bff8764dce161f8b55c91d0d751213c47808c77d9da68dae2b5e4fed52b?s=96&d=mm&r=g\",\"url\":\"https:\\\/\\\/secure.gravatar.com\\\/avatar\\\/c7ea4bff8764dce161f8b55c91d0d751213c47808c77d9da68dae2b5e4fed52b?s=96&d=mm&r=g\",\"contentUrl\":\"https:\\\/\\\/secure.gravatar.com\\\/avatar\\\/c7ea4bff8764dce161f8b55c91d0d751213c47808c77d9da68dae2b5e4fed52b?s=96&d=mm&r=g\",\"caption\":\"Mosaiking\"},\"sameAs\":[\"https:\\\/\\\/mosaiking.com\"]}]}<\/script>\n<!-- \/ Yoast SEO plugin. -->","yoast_head_json":{"title":"Tic, tac | Blog | Mosaiking Comunicaci\u00f3","description":"El 16 de novembre es va clausurar el XI Congreso Nacional para Racionalizar los Horarios Espa\u00f1oles. A casa nostra la Generalitat de Catalunya acaba de llan\u00e7ar una campanya sobre la reforma hor\u00e0ria.","robots":{"index":"index","follow":"follow","max-snippet":"max-snippet:-1","max-image-preview":"max-image-preview:large","max-video-preview":"max-video-preview:-1"},"canonical":"https:\/\/mosaiking.com\/es\/tic-tac\/","og_locale":"es_ES","og_type":"article","og_title":"Tic, tac | Blog | Mosaiking Comunicaci\u00f3","og_description":"El 16 de novembre es va clausurar el XI Congreso Nacional para Racionalizar los Horarios Espa\u00f1oles. A casa nostra la Generalitat de Catalunya acaba de llan\u00e7ar una campanya sobre la reforma hor\u00e0ria.","og_url":"https:\/\/mosaiking.com\/es\/tic-tac\/","og_site_name":"Mosaiking","article_published_time":"2016-12-02T00:00:38+00:00","og_image":[{"width":250,"height":215,"url":"https:\/\/mosaiking.com\/wp-content\/uploads\/2016\/12\/344ba771-12f1-464f-bcc7-9fdff80d4437.png","type":"image\/png"}],"author":"Mosaiking","twitter_card":"summary_large_image","twitter_misc":{"Escrito por":"Mosaiking","Tiempo de lectura":"3 minutos"},"schema":{"@context":"https:\/\/schema.org","@graph":[{"@type":"Article","@id":"https:\/\/mosaiking.com\/es\/tic-tac\/#article","isPartOf":{"@id":"https:\/\/mosaiking.com\/es\/tic-tac\/"},"author":{"name":"Mosaiking","@id":"https:\/\/mosaiking.com\/es\/#\/schema\/person\/82ca1cf5e82902eee8857e4ad13902f1"},"headline":"Tic, tac","datePublished":"2016-12-02T00:00:38+00:00","mainEntityOfPage":{"@id":"https:\/\/mosaiking.com\/es\/tic-tac\/"},"wordCount":699,"image":{"@id":"https:\/\/mosaiking.com\/es\/tic-tac\/#primaryimage"},"thumbnailUrl":"https:\/\/mosaiking.com\/wp-content\/uploads\/2016\/12\/344ba771-12f1-464f-bcc7-9fdff80d4437.png","articleSection":["Publicitat"],"inLanguage":"es"},{"@type":"WebPage","@id":"https:\/\/mosaiking.com\/es\/tic-tac\/","url":"https:\/\/mosaiking.com\/es\/tic-tac\/","name":"Tic, tac | Blog | Mosaiking Comunicaci\u00f3","isPartOf":{"@id":"https:\/\/mosaiking.com\/es\/#website"},"primaryImageOfPage":{"@id":"https:\/\/mosaiking.com\/es\/tic-tac\/#primaryimage"},"image":{"@id":"https:\/\/mosaiking.com\/es\/tic-tac\/#primaryimage"},"thumbnailUrl":"https:\/\/mosaiking.com\/wp-content\/uploads\/2016\/12\/344ba771-12f1-464f-bcc7-9fdff80d4437.png","datePublished":"2016-12-02T00:00:38+00:00","author":{"@id":"https:\/\/mosaiking.com\/es\/#\/schema\/person\/82ca1cf5e82902eee8857e4ad13902f1"},"description":"El 16 de novembre es va clausurar el XI Congreso Nacional para Racionalizar los Horarios Espa\u00f1oles. A casa nostra la Generalitat de Catalunya acaba de llan\u00e7ar una campanya sobre la reforma hor\u00e0ria.","breadcrumb":{"@id":"https:\/\/mosaiking.com\/es\/tic-tac\/#breadcrumb"},"inLanguage":"es","potentialAction":[{"@type":"ReadAction","target":["https:\/\/mosaiking.com\/es\/tic-tac\/"]}]},{"@type":"ImageObject","inLanguage":"es","@id":"https:\/\/mosaiking.com\/es\/tic-tac\/#primaryimage","url":"https:\/\/mosaiking.com\/wp-content\/uploads\/2016\/12\/344ba771-12f1-464f-bcc7-9fdff80d4437.png","contentUrl":"https:\/\/mosaiking.com\/wp-content\/uploads\/2016\/12\/344ba771-12f1-464f-bcc7-9fdff80d4437.png","width":250,"height":215,"caption":"Mosaiking Comunicaci\u00f3 | Consultor\u00eda de publicidad"},{"@type":"BreadcrumbList","@id":"https:\/\/mosaiking.com\/es\/tic-tac\/#breadcrumb","itemListElement":[{"@type":"ListItem","position":1,"name":"Portada","item":"https:\/\/mosaiking.com\/es\/mosaiking-pasion-por-las-marcas\/"},{"@type":"ListItem","position":2,"name":"Tic, tac"}]},{"@type":"WebSite","@id":"https:\/\/mosaiking.com\/es\/#website","url":"https:\/\/mosaiking.com\/es\/","name":"Mosaiking","description":"Passi\u00f3 per la teva marca","potentialAction":[{"@type":"SearchAction","target":{"@type":"EntryPoint","urlTemplate":"https:\/\/mosaiking.com\/es\/?s={search_term_string}"},"query-input":{"@type":"PropertyValueSpecification","valueRequired":true,"valueName":"search_term_string"}}],"inLanguage":"es"},{"@type":"Person","@id":"https:\/\/mosaiking.com\/es\/#\/schema\/person\/82ca1cf5e82902eee8857e4ad13902f1","name":"Mosaiking","image":{"@type":"ImageObject","inLanguage":"es","@id":"https:\/\/secure.gravatar.com\/avatar\/c7ea4bff8764dce161f8b55c91d0d751213c47808c77d9da68dae2b5e4fed52b?s=96&d=mm&r=g","url":"https:\/\/secure.gravatar.com\/avatar\/c7ea4bff8764dce161f8b55c91d0d751213c47808c77d9da68dae2b5e4fed52b?s=96&d=mm&r=g","contentUrl":"https:\/\/secure.gravatar.com\/avatar\/c7ea4bff8764dce161f8b55c91d0d751213c47808c77d9da68dae2b5e4fed52b?s=96&d=mm&r=g","caption":"Mosaiking"},"sameAs":["https:\/\/mosaiking.com"]}]}},"_links":{"self":[{"href":"https:\/\/mosaiking.com\/es\/wp-json\/wp\/v2\/posts\/7740","targetHints":{"allow":["GET"]}}],"collection":[{"href":"https:\/\/mosaiking.com\/es\/wp-json\/wp\/v2\/posts"}],"about":[{"href":"https:\/\/mosaiking.com\/es\/wp-json\/wp\/v2\/types\/post"}],"author":[{"embeddable":true,"href":"https:\/\/mosaiking.com\/es\/wp-json\/wp\/v2\/users\/1"}],"replies":[{"embeddable":true,"href":"https:\/\/mosaiking.com\/es\/wp-json\/wp\/v2\/comments?post=7740"}],"version-history":[{"count":0,"href":"https:\/\/mosaiking.com\/es\/wp-json\/wp\/v2\/posts\/7740\/revisions"}],"wp:featuredmedia":[{"embeddable":true,"href":"https:\/\/mosaiking.com\/es\/wp-json\/wp\/v2\/media\/697"}],"wp:attachment":[{"href":"https:\/\/mosaiking.com\/es\/wp-json\/wp\/v2\/media?parent=7740"}],"wp:term":[{"taxonomy":"category","embeddable":true,"href":"https:\/\/mosaiking.com\/es\/wp-json\/wp\/v2\/categories?post=7740"},{"taxonomy":"post_tag","embeddable":true,"href":"https:\/\/mosaiking.com\/es\/wp-json\/wp\/v2\/tags?post=7740"}],"curies":[{"name":"wp","href":"https:\/\/api.w.org\/{rel}","templated":true}]}}