{"id":7748,"date":"2017-03-22T00:00:40","date_gmt":"2017-03-22T00:00:40","guid":{"rendered":"http:\/\/mosaiking.com\/?p=720"},"modified":"2017-03-22T00:00:40","modified_gmt":"2017-03-22T00:00:40","slug":"pels-punta-lestrategia-comunicacio","status":"publish","type":"post","link":"https:\/\/mosaiking.com\/es\/pels-punta-lestrategia-comunicacio\/","title":{"rendered":"P\u00e8ls de punta o l\u2019estrat\u00e8gia de comunicaci\u00f3"},"content":{"rendered":"<p>Els p\u00e8ls de punta se\u2019m van posar al cap de cinc minuts d\u2019entrar a una perruqueria de Requena (Val\u00e8ncia). El local es veia trist, buit, sense \u00e0nima, sense color. Hi havia algun p\u00f2ster a la paret, arrugat, mal penjat, tort. Hi havia una placa fora, a la porta del carrer,\u00a0 que hi deia \u201cSal\u00f3n de Belleza\u201d (la B estava torta, mig caiguda), sense cap altre nom. Sense cap missatge. A mi em semblava una perruqueria normal i corrent. De barri. En aquest cas, de poble. De les de tota la vida. Ara, altrament dites, Sal\u00f3 de Bellesa.<br \/>\nSi el nom fa la cosa o la cosa fa el nom, aqu\u00ed vindria a tomb. Per Sal\u00f3 de Bellesa podr\u00edem entendre que no nom\u00e9s et fan el cap (com deien abans les \u00e0vies), tamb\u00e9 et poden fer manicures, neteges de cutis, depilacions\u2026 i, en aquesta perruqueria, ja us dic jo que anaven justets de feina i de tot.<br \/>\nQuina mania en canviar els noms. A mi el mot perruqueria em sona b\u00e9 per un una perruqueria. Queda molt clar que s\u2019hi ofereix. Per pentinar-te o tallar-te el cabell, jo vaig a la perruqueria. Tampoc acabo d\u2019entendre perqu\u00e8 als barbers d\u2019abans ara se\u2019ls diu perruqueries masculines. Tot i que ara hi tornen. Per\u00f2 crec que m\u00e9s per arreglar barbes que cabell\u2026<br \/>\nPer on an\u00e0vem? Ah, s\u00ed, que se\u2019m van posar els p\u00e8ls de punta un cop ja era dintre i no podia marxar. B\u00e9, poder s\u00ed que podia, \u00e9s clar. Per\u00f2 la meva anada a la perruqueria era una urg\u00e8ncia. Estava fora de casa. Havia plogut. Tenia un sopar important de feina al vespre i no portava assecador.<br \/>\nA l\u2019establiment, al \u201cSal\u00f3n de Belleza\u201d, hi havia una t\u00edmida noia rossa amb el cabell molt curt, mal tallat i mal tenyit. Vaig preguntar per la mestressa i amb un to fora de lloc em va dir que no hi era. Despr\u00e9s, va resultar ser que la mestressa era la seva mare i que la noia estava d\u2019aprenenta. El que primer em va semblar timidesa, ja que no em va dir ni bona tarda, result\u00e0 ser mala educaci\u00f3. Sense adonar-me\u2019n ja estava amb el cap en remull sense haver-li dit gaireb\u00e9 ni qu\u00e8 volia fer-me. Mentre ella fregava el meu cuir cabellut (de massatge res de res) jo pensava com havia anat a parar-hi. Quines estirades de cabell! Volia aixecar-me, per\u00f2 no em vaig atrevir. Em vaig quedar i em va \u201cpentinar\u201d.\u00a0 La noia, la que no se m\u2019havia presentat ni m\u2019havia dit gaireb\u00e9 ni bona tarda, va acabar la seva feina. Em va fer una mica el que va voler sense donar-me massa opcions. Ja que hi era, hagu\u00e9s aprofitat per tallar-me les puntes, per\u00f2 em va dir que no calia. En un no res, vaig sortir d\u2019all\u00e0 amb la ratlla al mig, diria. <strong>Pentinada, s\u00ed; per\u00f2 no satisfeta.<\/strong> Em va pentinar, s\u00ed, per\u00f2:<\/p>\n<ul>\n<li>Anar a la perruqueria \u00e9s nom\u00e9s sortir pentinada?<\/li>\n<li>O hauria de ser molt quelcom m\u00e9s?<\/li>\n<li>Vaig tenir una sensaci\u00f3 positiva del servei?<\/li>\n<li>De l\u2019estada a la perruqueria?<\/li>\n<li>Va ser una experi\u00e8ncia agradable?<\/li>\n<li>Hi tornaria?<\/li>\n<li>Recomanaria aquella perruqueria?<\/li>\n<\/ul>\n<p>La resposta a cadascuna de les preguntes \u00e9s <strong>NO, NO, NO, NO, NO, NO i NO.\u00a0 Set NOs.<\/strong><\/p>\n<p>Qu\u00e8 havia de fer aquella perruqueria? Doncs de moment posicionar-se. Definir quin valor donar als seus clients. Definir la seva proposici\u00f3 de venda: per qu\u00e8 anar a la seva perruqueria i no a la de la cantonada.<br \/>\nI tot aix\u00f2, dir-ho d\u2019una forma not\u00f2ria, memorable\u2026<br \/>\nRes m\u00e9s que l\u2019estrat\u00e8gia de comunicaci\u00f3 de base. La mateixa que pot tenir una multinacional, tamb\u00e9 l\u2019ha de tenir una petita empresa o un petit negoci.<\/p>\n<p>Si vols saber com s\u2019acaba el cap\u00edtol, haur\u00e0s de llegir el llibre que estic escrivint i que, si D\u00e9u vol, sortir\u00e0 publicat passat l\u2019estiu.<\/p>\n<p>Entre tant, si vols un cop de m\u00e0 amb la teva marca, <a href=\"https:\/\/mosaiking.com\/contactar\/\" target=\"_blank\" rel=\"noopener\">tamb\u00e9 em pots contactar <\/a>i en parlem!<\/p>\n","protected":false},"excerpt":{"rendered":"<p>Els p\u00e8ls de punta se\u2019m van posar al cap de cinc minuts d\u2019entrar a una perruqueria de Requena (Val\u00e8ncia). El local es veia trist, buit, sense \u00e0nima, sense color. Hi havia algun p\u00f2ster a la paret, arrugat, mal penjat, tort. Hi havia una placa fora, a la porta del carrer,\u00a0 que hi deia \u201cSal\u00f3n de [&hellip;]<\/p>\n","protected":false},"author":1,"featured_media":7666,"comment_status":"closed","ping_status":"open","sticky":false,"template":"","format":"standard","meta":{"ocean_post_layout":"","ocean_both_sidebars_style":"","ocean_both_sidebars_content_width":0,"ocean_both_sidebars_sidebars_width":0,"ocean_sidebar":"","ocean_second_sidebar":"","ocean_disable_margins":"enable","ocean_add_body_class":"","ocean_shortcode_before_top_bar":"","ocean_shortcode_after_top_bar":"","ocean_shortcode_before_header":"","ocean_shortcode_after_header":"","ocean_has_shortcode":"","ocean_shortcode_after_title":"","ocean_shortcode_before_footer_widgets":"","ocean_shortcode_after_footer_widgets":"","ocean_shortcode_before_footer_bottom":"","ocean_shortcode_after_footer_bottom":"","ocean_display_top_bar":"default","ocean_display_header":"default","ocean_header_style":"","ocean_center_header_left_menu":"","ocean_custom_header_template":"","ocean_custom_logo":0,"ocean_custom_retina_logo":0,"ocean_custom_logo_max_width":0,"ocean_custom_logo_tablet_max_width":0,"ocean_custom_logo_mobile_max_width":0,"ocean_custom_logo_max_height":0,"ocean_custom_logo_tablet_max_height":0,"ocean_custom_logo_mobile_max_height":0,"ocean_header_custom_menu":"","ocean_menu_typo_font_family":"","ocean_menu_typo_font_subset":"","ocean_menu_typo_font_size":0,"ocean_menu_typo_font_size_tablet":0,"ocean_menu_typo_font_size_mobile":0,"ocean_menu_typo_font_size_unit":"px","ocean_menu_typo_font_weight":"","ocean_menu_typo_font_weight_tablet":"","ocean_menu_typo_font_weight_mobile":"","ocean_menu_typo_transform":"","ocean_menu_typo_transform_tablet":"","ocean_menu_typo_transform_mobile":"","ocean_menu_typo_line_height":0,"ocean_menu_typo_line_height_tablet":0,"ocean_menu_typo_line_height_mobile":0,"ocean_menu_typo_line_height_unit":"","ocean_menu_typo_spacing":0,"ocean_menu_typo_spacing_tablet":0,"ocean_menu_typo_spacing_mobile":0,"ocean_menu_typo_spacing_unit":"","ocean_menu_link_color":"","ocean_menu_link_color_hover":"","ocean_menu_link_color_active":"","ocean_menu_link_background":"","ocean_menu_link_hover_background":"","ocean_menu_link_active_background":"","ocean_menu_social_links_bg":"","ocean_menu_social_hover_links_bg":"","ocean_menu_social_links_color":"","ocean_menu_social_hover_links_color":"","ocean_disable_title":"default","ocean_disable_heading":"default","ocean_post_title":"","ocean_post_subheading":"","ocean_post_title_style":"","ocean_post_title_background_color":"","ocean_post_title_background":0,"ocean_post_title_bg_image_position":"","ocean_post_title_bg_image_attachment":"","ocean_post_title_bg_image_repeat":"","ocean_post_title_bg_image_size":"","ocean_post_title_height":0,"ocean_post_title_bg_overlay":0.5,"ocean_post_title_bg_overlay_color":"","ocean_disable_breadcrumbs":"default","ocean_breadcrumbs_color":"","ocean_breadcrumbs_separator_color":"","ocean_breadcrumbs_links_color":"","ocean_breadcrumbs_links_hover_color":"","ocean_display_footer_widgets":"default","ocean_display_footer_bottom":"default","ocean_custom_footer_template":"","_joinchat":[],"ocean_post_oembed":"","ocean_post_self_hosted_media":"","ocean_post_video_embed":"","ocean_link_format":"","ocean_link_format_target":"self","ocean_quote_format":"","ocean_quote_format_link":"post","ocean_gallery_link_images":"on","ocean_gallery_id":[],"footnotes":""},"categories":[14],"tags":[],"class_list":["post-7748","post","type-post","status-publish","format-standard","has-post-thumbnail","hentry","category-publicitat","entry","has-media"],"yoast_head":"<!-- This site is optimized with the Yoast SEO plugin v27.5 - https:\/\/yoast.com\/product\/yoast-seo-wordpress\/ -->\n<title>P\u00e8ls de punta o l\u2019estrat\u00e8gia de comunicaci\u00f3 | Blog | Mosaiking Comunicaci\u00f3<\/title>\n<meta name=\"description\" content=\"Els p\u00e8ls de punta se\u2019m van posar al cap de cinc minuts d\u2019entrar a una perruqueria de Requena (Val\u00e8ncia). El local es veia trist, buit, sense \u00e0nima, sense color. Hi havia algun p\u00f2ster a la paret, arrugat, mal penjat, tort. Hi havia una placa fora, a la porta del carrer.\" \/>\n<meta name=\"robots\" content=\"index, follow, max-snippet:-1, max-image-preview:large, max-video-preview:-1\" \/>\n<link rel=\"canonical\" href=\"https:\/\/mosaiking.com\/es\/pels-punta-lestrategia-comunicacio\/\" \/>\n<meta property=\"og:locale\" content=\"es_ES\" \/>\n<meta property=\"og:type\" content=\"article\" \/>\n<meta property=\"og:title\" content=\"P\u00e8ls de punta o l\u2019estrat\u00e8gia de comunicaci\u00f3 | Blog | Mosaiking Comunicaci\u00f3\" \/>\n<meta property=\"og:description\" content=\"Els p\u00e8ls de punta se\u2019m van posar al cap de cinc minuts d\u2019entrar a una perruqueria de Requena (Val\u00e8ncia). El local es veia trist, buit, sense \u00e0nima, sense color. Hi havia algun p\u00f2ster a la paret, arrugat, mal penjat, tort. Hi havia una placa fora, a la porta del carrer.\" \/>\n<meta property=\"og:url\" content=\"https:\/\/mosaiking.com\/es\/pels-punta-lestrategia-comunicacio\/\" \/>\n<meta property=\"og:site_name\" content=\"Mosaiking\" \/>\n<meta property=\"article:published_time\" content=\"2017-03-22T00:00:40+00:00\" \/>\n<meta property=\"og:image\" content=\"https:\/\/mosaiking.com\/wp-content\/uploads\/2018\/01\/53ddd64f-75fa-49b0-89e4-b2f4b88343c7.png\" \/>\n\t<meta property=\"og:image:width\" content=\"524\" \/>\n\t<meta property=\"og:image:height\" content=\"394\" \/>\n\t<meta property=\"og:image:type\" content=\"image\/png\" \/>\n<meta name=\"author\" content=\"Mosaiking\" \/>\n<meta name=\"twitter:card\" content=\"summary_large_image\" \/>\n<meta name=\"twitter:label1\" content=\"Escrito por\" \/>\n\t<meta name=\"twitter:data1\" content=\"Mosaiking\" \/>\n\t<meta name=\"twitter:label2\" content=\"Tiempo de lectura\" \/>\n\t<meta name=\"twitter:data2\" content=\"3 minutos\" \/>\n<script type=\"application\/ld+json\" class=\"yoast-schema-graph\">{\"@context\":\"https:\\\/\\\/schema.org\",\"@graph\":[{\"@type\":\"Article\",\"@id\":\"https:\\\/\\\/mosaiking.com\\\/es\\\/pels-punta-lestrategia-comunicacio\\\/#article\",\"isPartOf\":{\"@id\":\"https:\\\/\\\/mosaiking.com\\\/es\\\/pels-punta-lestrategia-comunicacio\\\/\"},\"author\":{\"name\":\"Mosaiking\",\"@id\":\"https:\\\/\\\/mosaiking.com\\\/es\\\/#\\\/schema\\\/person\\\/82ca1cf5e82902eee8857e4ad13902f1\"},\"headline\":\"P\u00e8ls de punta o l\u2019estrat\u00e8gia de comunicaci\u00f3\",\"datePublished\":\"2017-03-22T00:00:40+00:00\",\"mainEntityOfPage\":{\"@id\":\"https:\\\/\\\/mosaiking.com\\\/es\\\/pels-punta-lestrategia-comunicacio\\\/\"},\"wordCount\":701,\"image\":{\"@id\":\"https:\\\/\\\/mosaiking.com\\\/es\\\/pels-punta-lestrategia-comunicacio\\\/#primaryimage\"},\"thumbnailUrl\":\"https:\\\/\\\/mosaiking.com\\\/wp-content\\\/uploads\\\/2018\\\/01\\\/53ddd64f-75fa-49b0-89e4-b2f4b88343c7.png\",\"articleSection\":[\"Publicitat\"],\"inLanguage\":\"es\"},{\"@type\":\"WebPage\",\"@id\":\"https:\\\/\\\/mosaiking.com\\\/es\\\/pels-punta-lestrategia-comunicacio\\\/\",\"url\":\"https:\\\/\\\/mosaiking.com\\\/es\\\/pels-punta-lestrategia-comunicacio\\\/\",\"name\":\"P\u00e8ls de punta o l\u2019estrat\u00e8gia de comunicaci\u00f3 | Blog | Mosaiking Comunicaci\u00f3\",\"isPartOf\":{\"@id\":\"https:\\\/\\\/mosaiking.com\\\/es\\\/#website\"},\"primaryImageOfPage\":{\"@id\":\"https:\\\/\\\/mosaiking.com\\\/es\\\/pels-punta-lestrategia-comunicacio\\\/#primaryimage\"},\"image\":{\"@id\":\"https:\\\/\\\/mosaiking.com\\\/es\\\/pels-punta-lestrategia-comunicacio\\\/#primaryimage\"},\"thumbnailUrl\":\"https:\\\/\\\/mosaiking.com\\\/wp-content\\\/uploads\\\/2018\\\/01\\\/53ddd64f-75fa-49b0-89e4-b2f4b88343c7.png\",\"datePublished\":\"2017-03-22T00:00:40+00:00\",\"author\":{\"@id\":\"https:\\\/\\\/mosaiking.com\\\/es\\\/#\\\/schema\\\/person\\\/82ca1cf5e82902eee8857e4ad13902f1\"},\"description\":\"Els p\u00e8ls de punta se\u2019m van posar al cap de cinc minuts d\u2019entrar a una perruqueria de Requena (Val\u00e8ncia). El local es veia trist, buit, sense \u00e0nima, sense color. Hi havia algun p\u00f2ster a la paret, arrugat, mal penjat, tort. Hi havia una placa fora, a la porta del carrer.\",\"breadcrumb\":{\"@id\":\"https:\\\/\\\/mosaiking.com\\\/es\\\/pels-punta-lestrategia-comunicacio\\\/#breadcrumb\"},\"inLanguage\":\"es\",\"potentialAction\":[{\"@type\":\"ReadAction\",\"target\":[\"https:\\\/\\\/mosaiking.com\\\/es\\\/pels-punta-lestrategia-comunicacio\\\/\"]}]},{\"@type\":\"ImageObject\",\"inLanguage\":\"es\",\"@id\":\"https:\\\/\\\/mosaiking.com\\\/es\\\/pels-punta-lestrategia-comunicacio\\\/#primaryimage\",\"url\":\"https:\\\/\\\/mosaiking.com\\\/wp-content\\\/uploads\\\/2018\\\/01\\\/53ddd64f-75fa-49b0-89e4-b2f4b88343c7.png\",\"contentUrl\":\"https:\\\/\\\/mosaiking.com\\\/wp-content\\\/uploads\\\/2018\\\/01\\\/53ddd64f-75fa-49b0-89e4-b2f4b88343c7.png\",\"width\":524,\"height\":394,\"caption\":\"P\u00e8ls de punta o l\u2019estrat\u00e8gia de comunicaci\u00f3\"},{\"@type\":\"BreadcrumbList\",\"@id\":\"https:\\\/\\\/mosaiking.com\\\/es\\\/pels-punta-lestrategia-comunicacio\\\/#breadcrumb\",\"itemListElement\":[{\"@type\":\"ListItem\",\"position\":1,\"name\":\"Portada\",\"item\":\"https:\\\/\\\/mosaiking.com\\\/es\\\/mosaiking-pasion-por-las-marcas\\\/\"},{\"@type\":\"ListItem\",\"position\":2,\"name\":\"P\u00e8ls de punta o l\u2019estrat\u00e8gia de comunicaci\u00f3\"}]},{\"@type\":\"WebSite\",\"@id\":\"https:\\\/\\\/mosaiking.com\\\/es\\\/#website\",\"url\":\"https:\\\/\\\/mosaiking.com\\\/es\\\/\",\"name\":\"Mosaiking\",\"description\":\"Passi\u00f3 per la teva marca\",\"potentialAction\":[{\"@type\":\"SearchAction\",\"target\":{\"@type\":\"EntryPoint\",\"urlTemplate\":\"https:\\\/\\\/mosaiking.com\\\/es\\\/?s={search_term_string}\"},\"query-input\":{\"@type\":\"PropertyValueSpecification\",\"valueRequired\":true,\"valueName\":\"search_term_string\"}}],\"inLanguage\":\"es\"},{\"@type\":\"Person\",\"@id\":\"https:\\\/\\\/mosaiking.com\\\/es\\\/#\\\/schema\\\/person\\\/82ca1cf5e82902eee8857e4ad13902f1\",\"name\":\"Mosaiking\",\"image\":{\"@type\":\"ImageObject\",\"inLanguage\":\"es\",\"@id\":\"https:\\\/\\\/secure.gravatar.com\\\/avatar\\\/c7ea4bff8764dce161f8b55c91d0d751213c47808c77d9da68dae2b5e4fed52b?s=96&d=mm&r=g\",\"url\":\"https:\\\/\\\/secure.gravatar.com\\\/avatar\\\/c7ea4bff8764dce161f8b55c91d0d751213c47808c77d9da68dae2b5e4fed52b?s=96&d=mm&r=g\",\"contentUrl\":\"https:\\\/\\\/secure.gravatar.com\\\/avatar\\\/c7ea4bff8764dce161f8b55c91d0d751213c47808c77d9da68dae2b5e4fed52b?s=96&d=mm&r=g\",\"caption\":\"Mosaiking\"},\"sameAs\":[\"https:\\\/\\\/mosaiking.com\"]}]}<\/script>\n<!-- \/ Yoast SEO plugin. -->","yoast_head_json":{"title":"P\u00e8ls de punta o l\u2019estrat\u00e8gia de comunicaci\u00f3 | Blog | Mosaiking Comunicaci\u00f3","description":"Els p\u00e8ls de punta se\u2019m van posar al cap de cinc minuts d\u2019entrar a una perruqueria de Requena (Val\u00e8ncia). El local es veia trist, buit, sense \u00e0nima, sense color. Hi havia algun p\u00f2ster a la paret, arrugat, mal penjat, tort. Hi havia una placa fora, a la porta del carrer.","robots":{"index":"index","follow":"follow","max-snippet":"max-snippet:-1","max-image-preview":"max-image-preview:large","max-video-preview":"max-video-preview:-1"},"canonical":"https:\/\/mosaiking.com\/es\/pels-punta-lestrategia-comunicacio\/","og_locale":"es_ES","og_type":"article","og_title":"P\u00e8ls de punta o l\u2019estrat\u00e8gia de comunicaci\u00f3 | Blog | Mosaiking Comunicaci\u00f3","og_description":"Els p\u00e8ls de punta se\u2019m van posar al cap de cinc minuts d\u2019entrar a una perruqueria de Requena (Val\u00e8ncia). El local es veia trist, buit, sense \u00e0nima, sense color. Hi havia algun p\u00f2ster a la paret, arrugat, mal penjat, tort. Hi havia una placa fora, a la porta del carrer.","og_url":"https:\/\/mosaiking.com\/es\/pels-punta-lestrategia-comunicacio\/","og_site_name":"Mosaiking","article_published_time":"2017-03-22T00:00:40+00:00","og_image":[{"width":524,"height":394,"url":"https:\/\/mosaiking.com\/wp-content\/uploads\/2018\/01\/53ddd64f-75fa-49b0-89e4-b2f4b88343c7.png","type":"image\/png"}],"author":"Mosaiking","twitter_card":"summary_large_image","twitter_misc":{"Escrito por":"Mosaiking","Tiempo de lectura":"3 minutos"},"schema":{"@context":"https:\/\/schema.org","@graph":[{"@type":"Article","@id":"https:\/\/mosaiking.com\/es\/pels-punta-lestrategia-comunicacio\/#article","isPartOf":{"@id":"https:\/\/mosaiking.com\/es\/pels-punta-lestrategia-comunicacio\/"},"author":{"name":"Mosaiking","@id":"https:\/\/mosaiking.com\/es\/#\/schema\/person\/82ca1cf5e82902eee8857e4ad13902f1"},"headline":"P\u00e8ls de punta o l\u2019estrat\u00e8gia de comunicaci\u00f3","datePublished":"2017-03-22T00:00:40+00:00","mainEntityOfPage":{"@id":"https:\/\/mosaiking.com\/es\/pels-punta-lestrategia-comunicacio\/"},"wordCount":701,"image":{"@id":"https:\/\/mosaiking.com\/es\/pels-punta-lestrategia-comunicacio\/#primaryimage"},"thumbnailUrl":"https:\/\/mosaiking.com\/wp-content\/uploads\/2018\/01\/53ddd64f-75fa-49b0-89e4-b2f4b88343c7.png","articleSection":["Publicitat"],"inLanguage":"es"},{"@type":"WebPage","@id":"https:\/\/mosaiking.com\/es\/pels-punta-lestrategia-comunicacio\/","url":"https:\/\/mosaiking.com\/es\/pels-punta-lestrategia-comunicacio\/","name":"P\u00e8ls de punta o l\u2019estrat\u00e8gia de comunicaci\u00f3 | Blog | Mosaiking Comunicaci\u00f3","isPartOf":{"@id":"https:\/\/mosaiking.com\/es\/#website"},"primaryImageOfPage":{"@id":"https:\/\/mosaiking.com\/es\/pels-punta-lestrategia-comunicacio\/#primaryimage"},"image":{"@id":"https:\/\/mosaiking.com\/es\/pels-punta-lestrategia-comunicacio\/#primaryimage"},"thumbnailUrl":"https:\/\/mosaiking.com\/wp-content\/uploads\/2018\/01\/53ddd64f-75fa-49b0-89e4-b2f4b88343c7.png","datePublished":"2017-03-22T00:00:40+00:00","author":{"@id":"https:\/\/mosaiking.com\/es\/#\/schema\/person\/82ca1cf5e82902eee8857e4ad13902f1"},"description":"Els p\u00e8ls de punta se\u2019m van posar al cap de cinc minuts d\u2019entrar a una perruqueria de Requena (Val\u00e8ncia). El local es veia trist, buit, sense \u00e0nima, sense color. Hi havia algun p\u00f2ster a la paret, arrugat, mal penjat, tort. Hi havia una placa fora, a la porta del carrer.","breadcrumb":{"@id":"https:\/\/mosaiking.com\/es\/pels-punta-lestrategia-comunicacio\/#breadcrumb"},"inLanguage":"es","potentialAction":[{"@type":"ReadAction","target":["https:\/\/mosaiking.com\/es\/pels-punta-lestrategia-comunicacio\/"]}]},{"@type":"ImageObject","inLanguage":"es","@id":"https:\/\/mosaiking.com\/es\/pels-punta-lestrategia-comunicacio\/#primaryimage","url":"https:\/\/mosaiking.com\/wp-content\/uploads\/2018\/01\/53ddd64f-75fa-49b0-89e4-b2f4b88343c7.png","contentUrl":"https:\/\/mosaiking.com\/wp-content\/uploads\/2018\/01\/53ddd64f-75fa-49b0-89e4-b2f4b88343c7.png","width":524,"height":394,"caption":"P\u00e8ls de punta o l\u2019estrat\u00e8gia de comunicaci\u00f3"},{"@type":"BreadcrumbList","@id":"https:\/\/mosaiking.com\/es\/pels-punta-lestrategia-comunicacio\/#breadcrumb","itemListElement":[{"@type":"ListItem","position":1,"name":"Portada","item":"https:\/\/mosaiking.com\/es\/mosaiking-pasion-por-las-marcas\/"},{"@type":"ListItem","position":2,"name":"P\u00e8ls de punta o l\u2019estrat\u00e8gia de comunicaci\u00f3"}]},{"@type":"WebSite","@id":"https:\/\/mosaiking.com\/es\/#website","url":"https:\/\/mosaiking.com\/es\/","name":"Mosaiking","description":"Passi\u00f3 per la teva marca","potentialAction":[{"@type":"SearchAction","target":{"@type":"EntryPoint","urlTemplate":"https:\/\/mosaiking.com\/es\/?s={search_term_string}"},"query-input":{"@type":"PropertyValueSpecification","valueRequired":true,"valueName":"search_term_string"}}],"inLanguage":"es"},{"@type":"Person","@id":"https:\/\/mosaiking.com\/es\/#\/schema\/person\/82ca1cf5e82902eee8857e4ad13902f1","name":"Mosaiking","image":{"@type":"ImageObject","inLanguage":"es","@id":"https:\/\/secure.gravatar.com\/avatar\/c7ea4bff8764dce161f8b55c91d0d751213c47808c77d9da68dae2b5e4fed52b?s=96&d=mm&r=g","url":"https:\/\/secure.gravatar.com\/avatar\/c7ea4bff8764dce161f8b55c91d0d751213c47808c77d9da68dae2b5e4fed52b?s=96&d=mm&r=g","contentUrl":"https:\/\/secure.gravatar.com\/avatar\/c7ea4bff8764dce161f8b55c91d0d751213c47808c77d9da68dae2b5e4fed52b?s=96&d=mm&r=g","caption":"Mosaiking"},"sameAs":["https:\/\/mosaiking.com"]}]}},"_links":{"self":[{"href":"https:\/\/mosaiking.com\/es\/wp-json\/wp\/v2\/posts\/7748","targetHints":{"allow":["GET"]}}],"collection":[{"href":"https:\/\/mosaiking.com\/es\/wp-json\/wp\/v2\/posts"}],"about":[{"href":"https:\/\/mosaiking.com\/es\/wp-json\/wp\/v2\/types\/post"}],"author":[{"embeddable":true,"href":"https:\/\/mosaiking.com\/es\/wp-json\/wp\/v2\/users\/1"}],"replies":[{"embeddable":true,"href":"https:\/\/mosaiking.com\/es\/wp-json\/wp\/v2\/comments?post=7748"}],"version-history":[{"count":0,"href":"https:\/\/mosaiking.com\/es\/wp-json\/wp\/v2\/posts\/7748\/revisions"}],"wp:featuredmedia":[{"embeddable":true,"href":"https:\/\/mosaiking.com\/es\/wp-json\/wp\/v2\/media\/7666"}],"wp:attachment":[{"href":"https:\/\/mosaiking.com\/es\/wp-json\/wp\/v2\/media?parent=7748"}],"wp:term":[{"taxonomy":"category","embeddable":true,"href":"https:\/\/mosaiking.com\/es\/wp-json\/wp\/v2\/categories?post=7748"},{"taxonomy":"post_tag","embeddable":true,"href":"https:\/\/mosaiking.com\/es\/wp-json\/wp\/v2\/tags?post=7748"}],"curies":[{"name":"wp","href":"https:\/\/api.w.org\/{rel}","templated":true}]}}