{"id":7765,"date":"2017-10-07T00:00:17","date_gmt":"2017-10-07T00:00:17","guid":{"rendered":"http:\/\/mosaiking.com\/?p=776"},"modified":"2017-10-07T00:00:17","modified_gmt":"2017-10-07T00:00:17","slug":"sortirem-del-tunel","status":"publish","type":"post","link":"https:\/\/mosaiking.com\/es\/sortirem-del-tunel\/","title":{"rendered":"Sortirem del t\u00fanel"},"content":{"rendered":"<p>Dimarts, 3 d\u2019octubre, la meva filla feia 9 anys. La hist\u00f2ria que s\u2019escriur\u00e0 d\u2019aquests dies no ho inclour\u00e0, per\u00f2 per molts m\u00e9s aniversaris que passin, a casa, aquestes nou espelmes bufades per la Maria entre plors i rialles, les recordarem perqu\u00e8 ho vam fer plegats quan torn\u00e0vem de la manifestaci\u00f3 de l\u2019aturada general del dia. Vam intentar desconnectar-nos de la realitat, per\u00f2 nom\u00e9s vam poder fer-ho el moment del sopar. Sovint ens preguntem si com a pares som uns irresponsables per fer part\u00edcips als nostres fills de l\u2019actualitat. Potser s\u00ed. Per\u00f2 fer-ho en la seva justa mesura, pensem que \u00e9s educatiu tamb\u00e9. Les coses, com s\u00f3n, sense amagar-se.<\/p>\n<p>Per sort, han passat uns dies, i aquest cap de setmana ho hem celebrat com D\u00e9u mana.<\/p>\n<p>Al Tibidabo. A la cua del Tren de la Bruixa, ens vam posar a parlar amb els altres <em>cuaires<\/em> sobre tot aix\u00f2 de la marxa de seu socials (que no d\u2019empreses) de Catalunya. I just en aquell moment em va trucar la Berta (una amiga de la facultat) per dir-me que, si pogu\u00e9s, el Bonet fins i tot s\u2019emportaria les vinyes\u2026 Quina millor manera d\u2019il\u00b7lustrar \u00a0la realitat, a punt d\u2019entrar a l\u2019atracci\u00f3! Atracci\u00f3? Per a mi no ho \u00e9s. Tinc por, tinc por d\u2019entrar al t\u00fanel, tinc por de la bruixa, de l\u2019escombra de la bruixa\u2026 Per\u00f2 no li dir\u00e9 a la Maria\u2026 Haig de superar la claustrof\u00f2bia, haig de superar pujar al tren, haig de superar la cara lletja de la bruixa perqu\u00e8 arribar\u00e0 el moment en qu\u00e8 sortir\u00e9 del t\u00fanel! Igual com el nostre pa\u00eds. Sortir\u00e0 del t\u00fanel.<br \/>\nLi vaig dir a la Berta que la trucaria al vespre i en parlar\u00edem. Per\u00f2, anava donant tombs a tot plegat: \u00e9s una estrat\u00e8gia, la nova estrat\u00e8gia de la por. Com diu en Xavier Sala-i-Martin, incansablement a Twitter: <em>Dir que te\u2019n vas perqu\u00e8 trasllades la seu social \u00e9s una manera barata (de fet, \u00e9s gratis) de seguir l\u2019estrat\u00e8gia de la por.<\/em> Probablement, el govern espanyol ha pressionat perqu\u00e8 el Banc de Sabadell i CaixaBank, entre molts m\u00e9s, treguin la seu de Catalunya.<br \/>\nAvui els bancs no paguen pr\u00e0cticament cap impost a la Generalitat que nom\u00e9s recapta successions, l\u2019Impost de Societats, l\u2019IVA i l\u2019IRPF es paguen a l\u2019Ag\u00e8ncia Espanyola, l\u2019AEAT. La Generalitat rep una transfer\u00e8ncia de l\u2019Estat corresponent a una part d\u2019IVA i d\u2019IRPF. Res de Societats. Si un banc t\u00e9 la seu social a un altre estat (a Espanya, Fran\u00e7a\u2026) i les seves sucursals s\u00f3n a Catalunya haur\u00e0 de pagar l\u2019IRPF dels treballadors de les seves sucursals a casa nostra. Pel que fa a l\u2019Impost de Societats haur\u00e0 de pagar a Catalunya pel fet de tenir-hi un establiment permanent. Ho apunta Elisenda Paluzie (companya meva de carrera) que mant\u00e9 que amb <em>un estat independent recaptarem m\u00e9s impostos que ara fins i tot en el cas d\u2019empreses que hagin traslladat la seu social preventivament.<\/em><br \/>\nLes empreses i els bancs que marxin no s\u2019emporten res (les vinyes de Freixenet seguiran on s\u00f3n, igual quel els caixers de CaixaBanc) i la seva seu social pot ser un despatx de 4 metres quadrats amb un tel\u00e8fon i una persona que l\u2019atengui, Ni\u00f1o Becerra ho va dir en directe a la Cuatro. Si s\u00f3n a un pa\u00eds on la moneda \u00e9s l\u2019euro, tenen la protecci\u00f3 del Banc Central.<\/p>\n<p>Les empreses del s. XXI estan a qualsevol lloc. O, sabem on tenen les seus socials Google o Amazon? Com els aut\u00f2noms que tenim el domicili fiscal a un lloc i treballem en un altre. O com els centres de dades de CaixaBank segueixen al Parc Tecnol\u00f2gic de Cerdanyola, comenta Albert Cuesta a Twitter.<br \/>\n\u00c9s una operaci\u00f3 t\u00e0ctica amb missatge bidireccional: un impacte petit quant a canvi de seu, un impacte gran quant a calmar els inversors.<br \/>\nI com els afectar\u00e0 en l\u2019\u00e0mbit de marca a tots aquests bancs i empreses? Molts Ajuntaments i particulars han tret els diners. Aquest fet t\u00e9 poc impacte en l\u2019\u00e0mbit econ\u00f2mic, perqu\u00e8 no viuen d\u2019aix\u00f2. El Banc de Sabadell nom\u00e9s t\u00e9 el 20% del seu negoci a Catalunya. Per\u00f2, s\u00ed que viuen molt en l\u2019\u00e0mbit de la imatge, de la marca\u2026 Al llarg dels anys, les caixes i els bancs han generat un imaginari. Les caixes d\u2019estalvi S\u00d3N NOSTRES (encara que no m\u2019imagino aquest lema cantat als carrers) un sistema aut\u00f2cton que des de fa un temps ja s\u2019han carregat. O, ens doldria igual, en lloc de la marca Sabadell fos la marca Sebast\u00f2pol? Veieu? Tot passa pel m\u00e0rqueting\u2026 Aquest, per\u00f2, \u00e9s el m\u00e0rqueting emocional. Els nostres cervells es construeixen per la cultura i l\u2019idioma. I el nostre cervell consumeix molta energia i aquests dies est\u00e0 sota m\u00ednims. Haurem de tornar als parcs d\u2019atraccions.<\/p>\n<p><em>Per tant, que ning\u00fa no tingui por de tenir els diners al banc. NO cal treure els diners ni patir pels estalvis. Tranquil\u00b7litat i sense por.<\/em> @XSalaimartin<\/p>\n<p><em>Em sembla que dilluns anir\u00e9 a l\u2019oficina de Caixabank a mirar com tinc el compte<\/em><em> cadasc\u00fa s\u2019entret\u00e9 com m\u00e9s li plau.<\/em> @lluis_llach<\/p>\n<p><em>Quan ens independentitzem entenc que alguns bancs traslladin la seu a l\u2019eurozona. Per\u00f2 fer-ho ara \u00e9s un xantatge pol\u00edtic que no oblidarem! <\/em>@MainatJM<\/p>\n<p><em>No es cierta la fuga de Freixenet, Gas Natural, Banco Sadadell\u2026 Es s\u00f3lo postureo. No tiene impacto fiscal <\/em>@Pedro_Arancon<\/p>\n","protected":false},"excerpt":{"rendered":"<p>Dimarts, 3 d\u2019octubre, la meva filla feia 9 anys. La hist\u00f2ria que s\u2019escriur\u00e0 d\u2019aquests dies no ho inclour\u00e0, per\u00f2 per molts m\u00e9s aniversaris que passin, a casa, aquestes nou espelmes bufades per la Maria entre plors i rialles, les recordarem perqu\u00e8 ho vam fer plegats quan torn\u00e0vem de la manifestaci\u00f3 de l\u2019aturada general del dia. [&hellip;]<\/p>\n","protected":false},"author":1,"featured_media":0,"comment_status":"closed","ping_status":"open","sticky":false,"template":"","format":"standard","meta":{"ocean_post_layout":"","ocean_both_sidebars_style":"","ocean_both_sidebars_content_width":0,"ocean_both_sidebars_sidebars_width":0,"ocean_sidebar":"","ocean_second_sidebar":"","ocean_disable_margins":"enable","ocean_add_body_class":"","ocean_shortcode_before_top_bar":"","ocean_shortcode_after_top_bar":"","ocean_shortcode_before_header":"","ocean_shortcode_after_header":"","ocean_has_shortcode":"","ocean_shortcode_after_title":"","ocean_shortcode_before_footer_widgets":"","ocean_shortcode_after_footer_widgets":"","ocean_shortcode_before_footer_bottom":"","ocean_shortcode_after_footer_bottom":"","ocean_display_top_bar":"default","ocean_display_header":"default","ocean_header_style":"","ocean_center_header_left_menu":"","ocean_custom_header_template":"","ocean_custom_logo":0,"ocean_custom_retina_logo":0,"ocean_custom_logo_max_width":0,"ocean_custom_logo_tablet_max_width":0,"ocean_custom_logo_mobile_max_width":0,"ocean_custom_logo_max_height":0,"ocean_custom_logo_tablet_max_height":0,"ocean_custom_logo_mobile_max_height":0,"ocean_header_custom_menu":"","ocean_menu_typo_font_family":"","ocean_menu_typo_font_subset":"","ocean_menu_typo_font_size":0,"ocean_menu_typo_font_size_tablet":0,"ocean_menu_typo_font_size_mobile":0,"ocean_menu_typo_font_size_unit":"px","ocean_menu_typo_font_weight":"","ocean_menu_typo_font_weight_tablet":"","ocean_menu_typo_font_weight_mobile":"","ocean_menu_typo_transform":"","ocean_menu_typo_transform_tablet":"","ocean_menu_typo_transform_mobile":"","ocean_menu_typo_line_height":0,"ocean_menu_typo_line_height_tablet":0,"ocean_menu_typo_line_height_mobile":0,"ocean_menu_typo_line_height_unit":"","ocean_menu_typo_spacing":0,"ocean_menu_typo_spacing_tablet":0,"ocean_menu_typo_spacing_mobile":0,"ocean_menu_typo_spacing_unit":"","ocean_menu_link_color":"","ocean_menu_link_color_hover":"","ocean_menu_link_color_active":"","ocean_menu_link_background":"","ocean_menu_link_hover_background":"","ocean_menu_link_active_background":"","ocean_menu_social_links_bg":"","ocean_menu_social_hover_links_bg":"","ocean_menu_social_links_color":"","ocean_menu_social_hover_links_color":"","ocean_disable_title":"default","ocean_disable_heading":"default","ocean_post_title":"","ocean_post_subheading":"","ocean_post_title_style":"","ocean_post_title_background_color":"","ocean_post_title_background":0,"ocean_post_title_bg_image_position":"","ocean_post_title_bg_image_attachment":"","ocean_post_title_bg_image_repeat":"","ocean_post_title_bg_image_size":"","ocean_post_title_height":0,"ocean_post_title_bg_overlay":0.5,"ocean_post_title_bg_overlay_color":"","ocean_disable_breadcrumbs":"default","ocean_breadcrumbs_color":"","ocean_breadcrumbs_separator_color":"","ocean_breadcrumbs_links_color":"","ocean_breadcrumbs_links_hover_color":"","ocean_display_footer_widgets":"default","ocean_display_footer_bottom":"default","ocean_custom_footer_template":"","_joinchat":[],"ocean_post_oembed":"","ocean_post_self_hosted_media":"","ocean_post_video_embed":"","ocean_link_format":"","ocean_link_format_target":"self","ocean_quote_format":"","ocean_quote_format_link":"post","ocean_gallery_link_images":"on","ocean_gallery_id":[],"footnotes":""},"categories":[10],"tags":[],"class_list":["post-7765","post","type-post","status-publish","format-standard","hentry","category-actualitat","entry"],"yoast_head":"<!-- This site is optimized with the Yoast SEO plugin v27.5 - https:\/\/yoast.com\/product\/yoast-seo-wordpress\/ -->\n<title>Sortirem del t\u00fanel | Blog | Mosaiking Comunicaci\u00f3<\/title>\n<meta name=\"description\" content=\"Dimarts, 3 d\u2019octubre, la meva filla feia 9 anys. La hist\u00f2ria que s\u2019escriur\u00e0 d\u2019aquests dies no ho inclour\u00e0, per\u00f2 per molts m\u00e9s aniversaris que passin, a casa, aquestes nou espelmes bufades per la Maria entre plors i rialles, les recordarem perqu\u00e8 ho vam fer plegats.\" \/>\n<meta name=\"robots\" content=\"index, follow, max-snippet:-1, max-image-preview:large, max-video-preview:-1\" \/>\n<link rel=\"canonical\" href=\"https:\/\/mosaiking.com\/es\/sortirem-del-tunel\/\" \/>\n<meta property=\"og:locale\" content=\"es_ES\" \/>\n<meta property=\"og:type\" content=\"article\" \/>\n<meta property=\"og:title\" content=\"Sortirem del t\u00fanel | Blog | Mosaiking Comunicaci\u00f3\" \/>\n<meta property=\"og:description\" content=\"Dimarts, 3 d\u2019octubre, la meva filla feia 9 anys. La hist\u00f2ria que s\u2019escriur\u00e0 d\u2019aquests dies no ho inclour\u00e0, per\u00f2 per molts m\u00e9s aniversaris que passin, a casa, aquestes nou espelmes bufades per la Maria entre plors i rialles, les recordarem perqu\u00e8 ho vam fer plegats.\" \/>\n<meta property=\"og:url\" content=\"https:\/\/mosaiking.com\/es\/sortirem-del-tunel\/\" \/>\n<meta property=\"og:site_name\" content=\"Mosaiking\" \/>\n<meta property=\"article:published_time\" content=\"2017-10-07T00:00:17+00:00\" \/>\n<meta name=\"author\" content=\"Mosaiking\" \/>\n<meta name=\"twitter:card\" content=\"summary_large_image\" \/>\n<meta name=\"twitter:label1\" content=\"Escrito por\" \/>\n\t<meta name=\"twitter:data1\" content=\"Mosaiking\" \/>\n\t<meta name=\"twitter:label2\" content=\"Tiempo de lectura\" \/>\n\t<meta name=\"twitter:data2\" content=\"5 minutos\" \/>\n<script type=\"application\/ld+json\" class=\"yoast-schema-graph\">{\"@context\":\"https:\\\/\\\/schema.org\",\"@graph\":[{\"@type\":\"Article\",\"@id\":\"https:\\\/\\\/mosaiking.com\\\/es\\\/sortirem-del-tunel\\\/#article\",\"isPartOf\":{\"@id\":\"https:\\\/\\\/mosaiking.com\\\/es\\\/sortirem-del-tunel\\\/\"},\"author\":{\"name\":\"Mosaiking\",\"@id\":\"https:\\\/\\\/mosaiking.com\\\/es\\\/#\\\/schema\\\/person\\\/82ca1cf5e82902eee8857e4ad13902f1\"},\"headline\":\"Sortirem del t\u00fanel\",\"datePublished\":\"2017-10-07T00:00:17+00:00\",\"mainEntityOfPage\":{\"@id\":\"https:\\\/\\\/mosaiking.com\\\/es\\\/sortirem-del-tunel\\\/\"},\"wordCount\":957,\"articleSection\":[\"Actualitat\"],\"inLanguage\":\"es\"},{\"@type\":\"WebPage\",\"@id\":\"https:\\\/\\\/mosaiking.com\\\/es\\\/sortirem-del-tunel\\\/\",\"url\":\"https:\\\/\\\/mosaiking.com\\\/es\\\/sortirem-del-tunel\\\/\",\"name\":\"Sortirem del t\u00fanel | Blog | Mosaiking Comunicaci\u00f3\",\"isPartOf\":{\"@id\":\"https:\\\/\\\/mosaiking.com\\\/es\\\/#website\"},\"datePublished\":\"2017-10-07T00:00:17+00:00\",\"author\":{\"@id\":\"https:\\\/\\\/mosaiking.com\\\/es\\\/#\\\/schema\\\/person\\\/82ca1cf5e82902eee8857e4ad13902f1\"},\"description\":\"Dimarts, 3 d\u2019octubre, la meva filla feia 9 anys. La hist\u00f2ria que s\u2019escriur\u00e0 d\u2019aquests dies no ho inclour\u00e0, per\u00f2 per molts m\u00e9s aniversaris que passin, a casa, aquestes nou espelmes bufades per la Maria entre plors i rialles, les recordarem perqu\u00e8 ho vam fer plegats.\",\"breadcrumb\":{\"@id\":\"https:\\\/\\\/mosaiking.com\\\/es\\\/sortirem-del-tunel\\\/#breadcrumb\"},\"inLanguage\":\"es\",\"potentialAction\":[{\"@type\":\"ReadAction\",\"target\":[\"https:\\\/\\\/mosaiking.com\\\/es\\\/sortirem-del-tunel\\\/\"]}]},{\"@type\":\"BreadcrumbList\",\"@id\":\"https:\\\/\\\/mosaiking.com\\\/es\\\/sortirem-del-tunel\\\/#breadcrumb\",\"itemListElement\":[{\"@type\":\"ListItem\",\"position\":1,\"name\":\"Portada\",\"item\":\"https:\\\/\\\/mosaiking.com\\\/es\\\/mosaiking-pasion-por-las-marcas\\\/\"},{\"@type\":\"ListItem\",\"position\":2,\"name\":\"Sortirem del t\u00fanel\"}]},{\"@type\":\"WebSite\",\"@id\":\"https:\\\/\\\/mosaiking.com\\\/es\\\/#website\",\"url\":\"https:\\\/\\\/mosaiking.com\\\/es\\\/\",\"name\":\"Mosaiking\",\"description\":\"Passi\u00f3 per la teva marca\",\"potentialAction\":[{\"@type\":\"SearchAction\",\"target\":{\"@type\":\"EntryPoint\",\"urlTemplate\":\"https:\\\/\\\/mosaiking.com\\\/es\\\/?s={search_term_string}\"},\"query-input\":{\"@type\":\"PropertyValueSpecification\",\"valueRequired\":true,\"valueName\":\"search_term_string\"}}],\"inLanguage\":\"es\"},{\"@type\":\"Person\",\"@id\":\"https:\\\/\\\/mosaiking.com\\\/es\\\/#\\\/schema\\\/person\\\/82ca1cf5e82902eee8857e4ad13902f1\",\"name\":\"Mosaiking\",\"image\":{\"@type\":\"ImageObject\",\"inLanguage\":\"es\",\"@id\":\"https:\\\/\\\/secure.gravatar.com\\\/avatar\\\/c7ea4bff8764dce161f8b55c91d0d751213c47808c77d9da68dae2b5e4fed52b?s=96&d=mm&r=g\",\"url\":\"https:\\\/\\\/secure.gravatar.com\\\/avatar\\\/c7ea4bff8764dce161f8b55c91d0d751213c47808c77d9da68dae2b5e4fed52b?s=96&d=mm&r=g\",\"contentUrl\":\"https:\\\/\\\/secure.gravatar.com\\\/avatar\\\/c7ea4bff8764dce161f8b55c91d0d751213c47808c77d9da68dae2b5e4fed52b?s=96&d=mm&r=g\",\"caption\":\"Mosaiking\"},\"sameAs\":[\"https:\\\/\\\/mosaiking.com\"]}]}<\/script>\n<!-- \/ Yoast SEO plugin. -->","yoast_head_json":{"title":"Sortirem del t\u00fanel | Blog | Mosaiking Comunicaci\u00f3","description":"Dimarts, 3 d\u2019octubre, la meva filla feia 9 anys. La hist\u00f2ria que s\u2019escriur\u00e0 d\u2019aquests dies no ho inclour\u00e0, per\u00f2 per molts m\u00e9s aniversaris que passin, a casa, aquestes nou espelmes bufades per la Maria entre plors i rialles, les recordarem perqu\u00e8 ho vam fer plegats.","robots":{"index":"index","follow":"follow","max-snippet":"max-snippet:-1","max-image-preview":"max-image-preview:large","max-video-preview":"max-video-preview:-1"},"canonical":"https:\/\/mosaiking.com\/es\/sortirem-del-tunel\/","og_locale":"es_ES","og_type":"article","og_title":"Sortirem del t\u00fanel | Blog | Mosaiking Comunicaci\u00f3","og_description":"Dimarts, 3 d\u2019octubre, la meva filla feia 9 anys. La hist\u00f2ria que s\u2019escriur\u00e0 d\u2019aquests dies no ho inclour\u00e0, per\u00f2 per molts m\u00e9s aniversaris que passin, a casa, aquestes nou espelmes bufades per la Maria entre plors i rialles, les recordarem perqu\u00e8 ho vam fer plegats.","og_url":"https:\/\/mosaiking.com\/es\/sortirem-del-tunel\/","og_site_name":"Mosaiking","article_published_time":"2017-10-07T00:00:17+00:00","author":"Mosaiking","twitter_card":"summary_large_image","twitter_misc":{"Escrito por":"Mosaiking","Tiempo de lectura":"5 minutos"},"schema":{"@context":"https:\/\/schema.org","@graph":[{"@type":"Article","@id":"https:\/\/mosaiking.com\/es\/sortirem-del-tunel\/#article","isPartOf":{"@id":"https:\/\/mosaiking.com\/es\/sortirem-del-tunel\/"},"author":{"name":"Mosaiking","@id":"https:\/\/mosaiking.com\/es\/#\/schema\/person\/82ca1cf5e82902eee8857e4ad13902f1"},"headline":"Sortirem del t\u00fanel","datePublished":"2017-10-07T00:00:17+00:00","mainEntityOfPage":{"@id":"https:\/\/mosaiking.com\/es\/sortirem-del-tunel\/"},"wordCount":957,"articleSection":["Actualitat"],"inLanguage":"es"},{"@type":"WebPage","@id":"https:\/\/mosaiking.com\/es\/sortirem-del-tunel\/","url":"https:\/\/mosaiking.com\/es\/sortirem-del-tunel\/","name":"Sortirem del t\u00fanel | Blog | Mosaiking Comunicaci\u00f3","isPartOf":{"@id":"https:\/\/mosaiking.com\/es\/#website"},"datePublished":"2017-10-07T00:00:17+00:00","author":{"@id":"https:\/\/mosaiking.com\/es\/#\/schema\/person\/82ca1cf5e82902eee8857e4ad13902f1"},"description":"Dimarts, 3 d\u2019octubre, la meva filla feia 9 anys. La hist\u00f2ria que s\u2019escriur\u00e0 d\u2019aquests dies no ho inclour\u00e0, per\u00f2 per molts m\u00e9s aniversaris que passin, a casa, aquestes nou espelmes bufades per la Maria entre plors i rialles, les recordarem perqu\u00e8 ho vam fer plegats.","breadcrumb":{"@id":"https:\/\/mosaiking.com\/es\/sortirem-del-tunel\/#breadcrumb"},"inLanguage":"es","potentialAction":[{"@type":"ReadAction","target":["https:\/\/mosaiking.com\/es\/sortirem-del-tunel\/"]}]},{"@type":"BreadcrumbList","@id":"https:\/\/mosaiking.com\/es\/sortirem-del-tunel\/#breadcrumb","itemListElement":[{"@type":"ListItem","position":1,"name":"Portada","item":"https:\/\/mosaiking.com\/es\/mosaiking-pasion-por-las-marcas\/"},{"@type":"ListItem","position":2,"name":"Sortirem del t\u00fanel"}]},{"@type":"WebSite","@id":"https:\/\/mosaiking.com\/es\/#website","url":"https:\/\/mosaiking.com\/es\/","name":"Mosaiking","description":"Passi\u00f3 per la teva marca","potentialAction":[{"@type":"SearchAction","target":{"@type":"EntryPoint","urlTemplate":"https:\/\/mosaiking.com\/es\/?s={search_term_string}"},"query-input":{"@type":"PropertyValueSpecification","valueRequired":true,"valueName":"search_term_string"}}],"inLanguage":"es"},{"@type":"Person","@id":"https:\/\/mosaiking.com\/es\/#\/schema\/person\/82ca1cf5e82902eee8857e4ad13902f1","name":"Mosaiking","image":{"@type":"ImageObject","inLanguage":"es","@id":"https:\/\/secure.gravatar.com\/avatar\/c7ea4bff8764dce161f8b55c91d0d751213c47808c77d9da68dae2b5e4fed52b?s=96&d=mm&r=g","url":"https:\/\/secure.gravatar.com\/avatar\/c7ea4bff8764dce161f8b55c91d0d751213c47808c77d9da68dae2b5e4fed52b?s=96&d=mm&r=g","contentUrl":"https:\/\/secure.gravatar.com\/avatar\/c7ea4bff8764dce161f8b55c91d0d751213c47808c77d9da68dae2b5e4fed52b?s=96&d=mm&r=g","caption":"Mosaiking"},"sameAs":["https:\/\/mosaiking.com"]}]}},"_links":{"self":[{"href":"https:\/\/mosaiking.com\/es\/wp-json\/wp\/v2\/posts\/7765","targetHints":{"allow":["GET"]}}],"collection":[{"href":"https:\/\/mosaiking.com\/es\/wp-json\/wp\/v2\/posts"}],"about":[{"href":"https:\/\/mosaiking.com\/es\/wp-json\/wp\/v2\/types\/post"}],"author":[{"embeddable":true,"href":"https:\/\/mosaiking.com\/es\/wp-json\/wp\/v2\/users\/1"}],"replies":[{"embeddable":true,"href":"https:\/\/mosaiking.com\/es\/wp-json\/wp\/v2\/comments?post=7765"}],"version-history":[{"count":0,"href":"https:\/\/mosaiking.com\/es\/wp-json\/wp\/v2\/posts\/7765\/revisions"}],"wp:attachment":[{"href":"https:\/\/mosaiking.com\/es\/wp-json\/wp\/v2\/media?parent=7765"}],"wp:term":[{"taxonomy":"category","embeddable":true,"href":"https:\/\/mosaiking.com\/es\/wp-json\/wp\/v2\/categories?post=7765"},{"taxonomy":"post_tag","embeddable":true,"href":"https:\/\/mosaiking.com\/es\/wp-json\/wp\/v2\/tags?post=7765"}],"curies":[{"name":"wp","href":"https:\/\/api.w.org\/{rel}","templated":true}]}}